{"id":160975,"date":"2023-10-26T14:11:14","date_gmt":"2023-10-26T12:11:14","guid":{"rendered":"https:\/\/www.voyages-d-affaires.com\/?p=160975"},"modified":"2023-10-26T14:11:14","modified_gmt":"2023-10-26T12:11:14","slug":"caen-airport-closure","status":"publish","type":"post","link":"https:\/\/www.voyages-d-affaires.com\/en\/caen-airport-closure","title":{"rendered":"Temporary closure of Caen airport"},"content":{"rendered":"<p>At least business travellers will have time to plan their business trips in advance. L'<strong>Caen Airport<\/strong> has just announced that it will be closed from 11 March. The reason for the closure is <strong>runway upgrading work<\/strong>These will enable the platform to comply with European certification, as well as converting the lighting to LEDs.<\/p>\n\n\n\n<h2 class=\"wp-block-heading\" id=\"h-volotea-demenage-air-france-plie-bagages\">Volotea moves, Air France packs up <\/h2>\n\n\n\n<p>L'<strong>Caen airport will therefore be closed to air traffic from 11 March to 18 April.<\/strong>. And arrangements have been made with the various players involved. Starting with the<strong>Deauville Normandie airport<\/strong>with which a \"<em>mutualisation work<\/em>\"should make it possible to<em>limit the impact on the business<\/em>\". In concrete terms, <strong>Volotea <\/strong>will transfer some of its flights to the Deauville hub, but it is not yet known to what extent. The <a href=\"https:\/\/www.voyages-d-affaires.com\/en\/air-france-volotea-lignes-domestiques-20230827.html\/\" target=\"_blank\" rel=\"noreferrer noopener\">Spanish low-cost airline, increasingly present on the French domestic network<\/a>serves 8 destinations - including three in Corsica - from Caen airport. In addition, flights operated with <strong>Air France <\/strong>will be suspended for the duration of the works.<\/p>\n\n\n\n<p>What's more, if <strong>CCI Caen Normandie<\/strong> and <strong>CCI Seine Estuaire<\/strong> - managers of Caen and Deauville airports - have indicated that they are \"pooling their organisation\", with no shuttle service planned to transfer passengers between the two towns, as the two airports are some 70 km apart.<\/p>\n\n\n\n<aside class=\"wp-block-varenne-link-block\"><p><a href=\"https:\/\/www.voyages-d-affaires.com\/en\/aeroport-caen-carpiquet-objectifs-20230131.html\/\" data-id=\"141683\">Caen-Carpiquet airport nears its targets<\/a><\/p><\/aside>","protected":false},"excerpt":{"rendered":"<p>Caen Airport will close on 11 March. Nothing definitive, however: it will reopen just over a month later.<\/p>","protected":false},"author":17,"featured_media":160987,"comment_status":"closed","ping_status":"closed","sticky":false,"template":"","format":"standard","meta":{"_acf_changed":false,"footnotes":""},"categories":[59],"tags":[133,1019],"type-darticle":[52],"n_magazine":[],"class_list":["post-160975","post","type-post","status-publish","format-standard","has-post-thumbnail","hentry","category-aerien","tag-aeroports","tag-france","type-darticle-breve","vapo-free"],"acf":[],"yoast_head":"<!-- This site is optimized with the Yoast SEO Premium plugin v25.9 (Yoast SEO v25.9) - https:\/\/yoast.com\/wordpress\/plugins\/seo\/ -->\n<title>Un mois de fermeture pour l\u2019a\u00e9roport de Caen<\/title>\n<meta name=\"description\" content=\"L&#039;a\u00e9roport de Caen fermera temporairement ses portes pour travaux en mars prochain, pour un mois. Une partie de l&#039;activit\u00e9 sera transf\u00e9r\u00e9e \u00e0 Deauville.\" \/>\n<meta name=\"robots\" content=\"index, follow, max-snippet:-1, max-image-preview:large, max-video-preview:-1\" \/>\n<link rel=\"canonical\" href=\"https:\/\/www.voyages-d-affaires.com\/en\/caen-airport-closure\" \/>\n<meta property=\"og:locale\" content=\"en_GB\" \/>\n<meta property=\"og:type\" content=\"article\" \/>\n<meta property=\"og:title\" content=\"Fermeture temporaire pour l\u2019a\u00e9roport de Caen\" \/>\n<meta property=\"og:description\" content=\"L&#039;a\u00e9roport de Caen fermera temporairement ses portes pour travaux en mars prochain, pour un mois. Une partie de l&#039;activit\u00e9 sera transf\u00e9r\u00e9e \u00e0 Deauville.\" \/>\n<meta property=\"og:url\" content=\"https:\/\/www.voyages-d-affaires.com\/en\/caen-airport-closure\" \/>\n<meta property=\"og:site_name\" content=\"Voyages d&#039;affaires\" \/>\n<meta property=\"article:published_time\" content=\"2023-10-26T12:11:14+00:00\" \/>\n<meta property=\"og:image\" content=\"https:\/\/www.voyages-d-affaires.com\/wp-content\/uploads\/2023\/10\/volotea-caen.jpg\" \/>\n\t<meta property=\"og:image:width\" content=\"700\" \/>\n\t<meta property=\"og:image:height\" content=\"468\" \/>\n\t<meta property=\"og:image:type\" content=\"image\/jpeg\" \/>\n<meta name=\"author\" content=\"Florian Guillemin\" \/>\n<meta name=\"twitter:card\" content=\"summary_large_image\" \/>\n<meta name=\"twitter:label1\" content=\"Written by\" \/>\n\t<meta name=\"twitter:data1\" content=\"Florian Guillemin\" \/>\n\t<meta name=\"twitter:label2\" content=\"Estimated reading time\" \/>\n\t<meta name=\"twitter:data2\" content=\"2 minutes\" \/>\n<script type=\"application\/ld+json\" class=\"yoast-schema-graph\">{\"@context\":\"https:\/\/schema.org\",\"@graph\":[{\"@type\":\"WebPage\",\"@id\":\"https:\/\/www.voyages-d-affaires.com\/aeroport-caen-fermeture\",\"url\":\"https:\/\/www.voyages-d-affaires.com\/aeroport-caen-fermeture\",\"name\":\"Un mois de fermeture pour l\u2019a\u00e9roport de Caen\",\"isPartOf\":{\"@id\":\"https:\/\/www.voyages-d-affaires.com\/#website\"},\"primaryImageOfPage\":{\"@id\":\"https:\/\/www.voyages-d-affaires.com\/aeroport-caen-fermeture#primaryimage\"},\"image\":{\"@id\":\"https:\/\/www.voyages-d-affaires.com\/aeroport-caen-fermeture#primaryimage\"},\"thumbnailUrl\":\"https:\/\/www.voyages-d-affaires.com\/wp-content\/uploads\/2023\/10\/volotea-caen.jpg\",\"datePublished\":\"2023-10-26T12:11:14+00:00\",\"author\":{\"@id\":\"https:\/\/www.voyages-d-affaires.com\/#\/schema\/person\/21d3288dfdda735a7c37eb00030560b7\"},\"description\":\"L'a\u00e9roport de Caen fermera temporairement ses portes pour travaux en mars prochain, pour un mois. Une partie de l'activit\u00e9 sera transf\u00e9r\u00e9e \u00e0 Deauville.\",\"breadcrumb\":{\"@id\":\"https:\/\/www.voyages-d-affaires.com\/aeroport-caen-fermeture#breadcrumb\"},\"inLanguage\":\"en-GB\",\"potentialAction\":[{\"@type\":\"ReadAction\",\"target\":[\"https:\/\/www.voyages-d-affaires.com\/aeroport-caen-fermeture\"]}]},{\"@type\":\"ImageObject\",\"inLanguage\":\"en-GB\",\"@id\":\"https:\/\/www.voyages-d-affaires.com\/aeroport-caen-fermeture#primaryimage\",\"url\":\"https:\/\/www.voyages-d-affaires.com\/wp-content\/uploads\/2023\/10\/volotea-caen.jpg\",\"contentUrl\":\"https:\/\/www.voyages-d-affaires.com\/wp-content\/uploads\/2023\/10\/volotea-caen.jpg\",\"width\":700,\"height\":468,\"caption\":\"Une partie des vols propos\u00e9s par Volotea depuis l'a\u00e9roport de Caen sera transf\u00e9r\u00e9e sur celui de Deauville pendant la fermeture de Carpiquet\"},{\"@type\":\"BreadcrumbList\",\"@id\":\"https:\/\/www.voyages-d-affaires.com\/aeroport-caen-fermeture#breadcrumb\",\"itemListElement\":[{\"@type\":\"ListItem\",\"position\":1,\"name\":\"Accueil\",\"item\":\"https:\/\/www.voyages-d-affaires.com\/\"},{\"@type\":\"ListItem\",\"position\":2,\"name\":\"Fermeture temporaire pour l\u2019a\u00e9roport de Caen\"}]},{\"@type\":\"WebSite\",\"@id\":\"https:\/\/www.voyages-d-affaires.com\/#website\",\"url\":\"https:\/\/www.voyages-d-affaires.com\/\",\"name\":\"Voyages d&#039;affaires\",\"description\":\"media fran\u00e7ais du Voyage d&#039;Affaires &amp; du MICE\",\"potentialAction\":[{\"@type\":\"SearchAction\",\"target\":{\"@type\":\"EntryPoint\",\"urlTemplate\":\"https:\/\/www.voyages-d-affaires.com\/?s={search_term_string}\"},\"query-input\":{\"@type\":\"PropertyValueSpecification\",\"valueRequired\":true,\"valueName\":\"search_term_string\"}}],\"inLanguage\":\"en-GB\"},{\"@type\":\"Person\",\"@id\":\"https:\/\/www.voyages-d-affaires.com\/#\/schema\/person\/21d3288dfdda735a7c37eb00030560b7\",\"name\":\"Florian Guillemin\",\"url\":\"https:\/\/www.voyages-d-affaires.com\/en\/author\/florian\"}]}<\/script>\n<!-- \/ Yoast SEO Premium plugin. -->","yoast_head_json":{"title":"Caen airport closed for a month","description":"Caen airport will close temporarily for works in March, for one month. Part of the business will be transferred to Deauville.","robots":{"index":"index","follow":"follow","max-snippet":"max-snippet:-1","max-image-preview":"max-image-preview:large","max-video-preview":"max-video-preview:-1"},"canonical":"https:\/\/www.voyages-d-affaires.com\/en\/caen-airport-closure","og_locale":"en_GB","og_type":"article","og_title":"Fermeture temporaire pour l\u2019a\u00e9roport de Caen","og_description":"L'a\u00e9roport de Caen fermera temporairement ses portes pour travaux en mars prochain, pour un mois. Une partie de l'activit\u00e9 sera transf\u00e9r\u00e9e \u00e0 Deauville.","og_url":"https:\/\/www.voyages-d-affaires.com\/en\/caen-airport-closure","og_site_name":"Voyages d&#039;affaires","article_published_time":"2023-10-26T12:11:14+00:00","og_image":[{"width":700,"height":468,"url":"https:\/\/www.voyages-d-affaires.com\/wp-content\/uploads\/2023\/10\/volotea-caen.jpg","type":"image\/jpeg"}],"author":"Florian Guillemin","twitter_card":"summary_large_image","twitter_misc":{"Written by":"Florian Guillemin","Estimated reading time":"2 minutes"},"schema":{"@context":"https:\/\/schema.org","@graph":[{"@type":"WebPage","@id":"https:\/\/www.voyages-d-affaires.com\/aeroport-caen-fermeture","url":"https:\/\/www.voyages-d-affaires.com\/aeroport-caen-fermeture","name":"Caen airport closed for a month","isPartOf":{"@id":"https:\/\/www.voyages-d-affaires.com\/#website"},"primaryImageOfPage":{"@id":"https:\/\/www.voyages-d-affaires.com\/aeroport-caen-fermeture#primaryimage"},"image":{"@id":"https:\/\/www.voyages-d-affaires.com\/aeroport-caen-fermeture#primaryimage"},"thumbnailUrl":"https:\/\/www.voyages-d-affaires.com\/wp-content\/uploads\/2023\/10\/volotea-caen.jpg","datePublished":"2023-10-26T12:11:14+00:00","author":{"@id":"https:\/\/www.voyages-d-affaires.com\/#\/schema\/person\/21d3288dfdda735a7c37eb00030560b7"},"description":"Caen airport will close temporarily for works in March, for one month. Part of the business will be transferred to Deauville.","breadcrumb":{"@id":"https:\/\/www.voyages-d-affaires.com\/aeroport-caen-fermeture#breadcrumb"},"inLanguage":"en-GB","potentialAction":[{"@type":"ReadAction","target":["https:\/\/www.voyages-d-affaires.com\/aeroport-caen-fermeture"]}]},{"@type":"ImageObject","inLanguage":"en-GB","@id":"https:\/\/www.voyages-d-affaires.com\/aeroport-caen-fermeture#primaryimage","url":"https:\/\/www.voyages-d-affaires.com\/wp-content\/uploads\/2023\/10\/volotea-caen.jpg","contentUrl":"https:\/\/www.voyages-d-affaires.com\/wp-content\/uploads\/2023\/10\/volotea-caen.jpg","width":700,"height":468,"caption":"Une partie des vols propos\u00e9s par Volotea depuis l'a\u00e9roport de Caen sera transf\u00e9r\u00e9e sur celui de Deauville pendant la fermeture de Carpiquet"},{"@type":"BreadcrumbList","@id":"https:\/\/www.voyages-d-affaires.com\/aeroport-caen-fermeture#breadcrumb","itemListElement":[{"@type":"ListItem","position":1,"name":"Accueil","item":"https:\/\/www.voyages-d-affaires.com\/"},{"@type":"ListItem","position":2,"name":"Fermeture temporaire pour l\u2019a\u00e9roport de Caen"}]},{"@type":"WebSite","@id":"https:\/\/www.voyages-d-affaires.com\/#website","url":"https:\/\/www.voyages-d-affaires.com\/","name":"Business travel","description":"THE FRENCH BUSINESS TRAVEL &amp; MICE MEDIA","potentialAction":[{"@type":"SearchAction","target":{"@type":"EntryPoint","urlTemplate":"https:\/\/www.voyages-d-affaires.com\/?s={search_term_string}"},"query-input":{"@type":"PropertyValueSpecification","valueRequired":true,"valueName":"search_term_string"}}],"inLanguage":"en-GB"},{"@type":"Person","@id":"https:\/\/www.voyages-d-affaires.com\/#\/schema\/person\/21d3288dfdda735a7c37eb00030560b7","name":"Florian Guillemin","url":"https:\/\/www.voyages-d-affaires.com\/en\/author\/florian"}]}},"_links":{"self":[{"href":"https:\/\/www.voyages-d-affaires.com\/en\/wp-json\/wp\/v2\/posts\/160975","targetHints":{"allow":["GET"]}}],"collection":[{"href":"https:\/\/www.voyages-d-affaires.com\/en\/wp-json\/wp\/v2\/posts"}],"about":[{"href":"https:\/\/www.voyages-d-affaires.com\/en\/wp-json\/wp\/v2\/types\/post"}],"author":[{"embeddable":true,"href":"https:\/\/www.voyages-d-affaires.com\/en\/wp-json\/wp\/v2\/users\/17"}],"replies":[{"embeddable":true,"href":"https:\/\/www.voyages-d-affaires.com\/en\/wp-json\/wp\/v2\/comments?post=160975"}],"version-history":[{"count":4,"href":"https:\/\/www.voyages-d-affaires.com\/en\/wp-json\/wp\/v2\/posts\/160975\/revisions"}],"predecessor-version":[{"id":160989,"href":"https:\/\/www.voyages-d-affaires.com\/en\/wp-json\/wp\/v2\/posts\/160975\/revisions\/160989"}],"wp:featuredmedia":[{"embeddable":true,"href":"https:\/\/www.voyages-d-affaires.com\/en\/wp-json\/wp\/v2\/media\/160987"}],"wp:attachment":[{"href":"https:\/\/www.voyages-d-affaires.com\/en\/wp-json\/wp\/v2\/media?parent=160975"}],"wp:term":[{"taxonomy":"category","embeddable":true,"href":"https:\/\/www.voyages-d-affaires.com\/en\/wp-json\/wp\/v2\/categories?post=160975"},{"taxonomy":"post_tag","embeddable":true,"href":"https:\/\/www.voyages-d-affaires.com\/en\/wp-json\/wp\/v2\/tags?post=160975"},{"taxonomy":"type-darticle","embeddable":true,"href":"https:\/\/www.voyages-d-affaires.com\/en\/wp-json\/wp\/v2\/type-darticle?post=160975"},{"taxonomy":"n_magazine","embeddable":true,"href":"https:\/\/www.voyages-d-affaires.com\/en\/wp-json\/wp\/v2\/n_magazine?post=160975"}],"curies":[{"name":"wp","href":"https:\/\/api.w.org\/{rel}","templated":true}]}}