{"id":163689,"date":"2023-12-06T05:58:42","date_gmt":"2023-12-06T04:58:42","guid":{"rendered":"https:\/\/www.voyages-d-affaires.com\/?p=163689"},"modified":"2023-12-06T06:01:30","modified_gmt":"2023-12-06T05:01:30","slug":"brest-volotea","status":"publish","type":"post","link":"https:\/\/www.voyages-d-affaires.com\/en\/brest-volotea","title":{"rendered":"Brest becomes Volotea's 9th base in France"},"content":{"rendered":"<p>Volotea has just announced the opening of its 20th base in Europe and its 9th in France, in Brest. This base will be operational from April 2024. The company will base a <strong>Airbus A320 aircraft with a programme of some twenty destinations, including 13 new routes. <\/strong><\/p>\n<p>Among the new features,<strong><a href=\"https:\/\/www.voyages-d-affaires.com\/en\/volotea-strasbourg-20231123.html\/\"> Volotea<\/a> has already announced new services to Athens, Barcelona, Faro, Malaga, Menorca, Olbia, Palermo and Rome. <\/strong>Nearly 400,000 seats <strong>twice a week <\/strong>for each destination<strong>.\u00a0 <\/strong><\/p>\n<p>In addition, Volotea has just announced that it will be launching <strong>from Bordeaux to Palermo and Verona<\/strong> next April. A total of 30 destinations from the capital of the Nouvelle-Aquitaine region.<\/p>\n<p>In 2024, <strong>Volotea to operate over 450 routes<\/strong>This represents a total of almost 13.3 million seats (+18% compared with 2023) offered by a fleet of 41 Airbus A319s and A320s.<\/p>","protected":false},"excerpt":{"rendered":"<p>In spring 2024, Brest will become Volotea's 9th base in France and 20th in Europe.<\/p>","protected":false},"author":21,"featured_media":155297,"comment_status":"closed","ping_status":"closed","sticky":false,"template":"","format":"standard","meta":{"_acf_changed":false,"footnotes":""},"categories":[59],"tags":[1019,1361],"type-darticle":[52],"n_magazine":[],"class_list":["post-163689","post","type-post","status-publish","format-standard","has-post-thumbnail","hentry","category-aerien","tag-france","tag-low-cost","type-darticle-breve","vapo-free"],"acf":[],"yoast_head":"<!-- This site is optimized with the Yoast SEO Premium plugin v28.4 (Yoast SEO v28.4) - https:\/\/yoast.com\/product\/yoast-seo-premium-wordpress\/ -->\n<title>Volotea installe une nouvelle base \u00e0 Brest<\/title>\n<meta name=\"description\" content=\"Volotea va prendre possession de ses quartiers \u00e0 Brest, nouvelle base de son r\u00e9seau en France \u00e0 partir d&#039;avril 2024.\" \/>\n<meta name=\"robots\" content=\"index, follow, max-snippet:-1, max-image-preview:large, max-video-preview:-1\" \/>\n<link rel=\"canonical\" href=\"https:\/\/www.voyages-d-affaires.com\/en\/brest-volotea\/\" \/>\n<meta property=\"og:locale\" content=\"en_GB\" \/>\n<meta property=\"og:type\" content=\"article\" \/>\n<meta property=\"og:title\" content=\"Brest devient la 9\u00e8me base France de Volotea\" \/>\n<meta property=\"og:description\" content=\"Volotea va prendre possession de ses quartiers \u00e0 Brest, nouvelle base de son r\u00e9seau en France \u00e0 partir d&#039;avril 2024.\" \/>\n<meta property=\"og:url\" content=\"https:\/\/www.voyages-d-affaires.com\/en\/brest-volotea\/\" \/>\n<meta property=\"og:site_name\" content=\"Voyages d&#039;affaires\" \/>\n<meta property=\"article:published_time\" content=\"2023-12-06T04:58:42+00:00\" \/>\n<meta property=\"article:modified_time\" content=\"2023-12-06T05:01:30+00:00\" \/>\n<meta property=\"og:image\" content=\"https:\/\/www.voyages-d-affaires.com\/wp-content\/uploads\/2023\/08\/img-20230823-153751.jpg\" \/>\n\t<meta property=\"og:image:width\" content=\"700\" \/>\n\t<meta property=\"og:image:height\" content=\"525\" \/>\n\t<meta property=\"og:image:type\" content=\"image\/jpeg\" \/>\n<meta name=\"author\" content=\"Luc Citrinot\" \/>\n<meta name=\"twitter:card\" content=\"summary_large_image\" \/>\n<meta name=\"twitter:label1\" content=\"Written by\" \/>\n\t<meta name=\"twitter:data1\" content=\"Luc Citrinot\" \/>\n\t<meta name=\"twitter:label2\" content=\"Estimated reading time\" \/>\n\t<meta name=\"twitter:data2\" content=\"1 minute\" \/>\n<script type=\"application\/ld+json\" class=\"yoast-schema-graph\">{\"@context\":\"https:\\\/\\\/schema.org\",\"@graph\":[{\"@type\":\"Article\",\"@id\":\"https:\\\/\\\/www.voyages-d-affaires.com\\\/brest-volotea#article\",\"isPartOf\":{\"@id\":\"https:\\\/\\\/www.voyages-d-affaires.com\\\/brest-volotea\"},\"author\":{\"name\":\"Luc Citrinot\",\"@id\":\"https:\\\/\\\/www.voyages-d-affaires.com\\\/#\\\/schema\\\/person\\\/c74b2eea412d55da7482e81e95f8edc3\"},\"headline\":\"Brest devient la 9\u00e8me base France de Volotea\",\"datePublished\":\"2023-12-06T04:58:42+00:00\",\"dateModified\":\"2023-12-06T05:01:30+00:00\",\"mainEntityOfPage\":{\"@id\":\"https:\\\/\\\/www.voyages-d-affaires.com\\\/brest-volotea\"},\"wordCount\":152,\"image\":{\"@id\":\"https:\\\/\\\/www.voyages-d-affaires.com\\\/brest-volotea#primaryimage\"},\"thumbnailUrl\":\"https:\\\/\\\/www.voyages-d-affaires.com\\\/wp-content\\\/uploads\\\/2023\\\/08\\\/img-20230823-153751.jpg\",\"keywords\":[\"France\",\"low-cost\"],\"articleSection\":[\"A\u00e9rien\"],\"inLanguage\":\"en-GB\"},{\"@type\":\"WebPage\",\"@id\":\"https:\\\/\\\/www.voyages-d-affaires.com\\\/brest-volotea\",\"url\":\"https:\\\/\\\/www.voyages-d-affaires.com\\\/brest-volotea\",\"name\":\"Volotea installe une nouvelle base \u00e0 Brest\",\"isPartOf\":{\"@id\":\"https:\\\/\\\/www.voyages-d-affaires.com\\\/#website\"},\"primaryImageOfPage\":{\"@id\":\"https:\\\/\\\/www.voyages-d-affaires.com\\\/brest-volotea#primaryimage\"},\"image\":{\"@id\":\"https:\\\/\\\/www.voyages-d-affaires.com\\\/brest-volotea#primaryimage\"},\"thumbnailUrl\":\"https:\\\/\\\/www.voyages-d-affaires.com\\\/wp-content\\\/uploads\\\/2023\\\/08\\\/img-20230823-153751.jpg\",\"datePublished\":\"2023-12-06T04:58:42+00:00\",\"dateModified\":\"2023-12-06T05:01:30+00:00\",\"author\":{\"@id\":\"https:\\\/\\\/www.voyages-d-affaires.com\\\/#\\\/schema\\\/person\\\/c74b2eea412d55da7482e81e95f8edc3\"},\"description\":\"Volotea va prendre possession de ses quartiers \u00e0 Brest, nouvelle base de son r\u00e9seau en France \u00e0 partir d'avril 2024.\",\"breadcrumb\":{\"@id\":\"https:\\\/\\\/www.voyages-d-affaires.com\\\/brest-volotea#breadcrumb\"},\"inLanguage\":\"en-GB\",\"potentialAction\":[{\"@type\":\"ReadAction\",\"target\":[\"https:\\\/\\\/www.voyages-d-affaires.com\\\/brest-volotea\"]}]},{\"@type\":\"ImageObject\",\"inLanguage\":\"en-GB\",\"@id\":\"https:\\\/\\\/www.voyages-d-affaires.com\\\/brest-volotea#primaryimage\",\"url\":\"https:\\\/\\\/www.voyages-d-affaires.com\\\/wp-content\\\/uploads\\\/2023\\\/08\\\/img-20230823-153751.jpg\",\"contentUrl\":\"https:\\\/\\\/www.voyages-d-affaires.com\\\/wp-content\\\/uploads\\\/2023\\\/08\\\/img-20230823-153751.jpg\",\"width\":700,\"height\":525,\"caption\":\"Airbus de Volotea (Photo: Luc Citrinot)\"},{\"@type\":\"BreadcrumbList\",\"@id\":\"https:\\\/\\\/www.voyages-d-affaires.com\\\/brest-volotea#breadcrumb\",\"itemListElement\":[{\"@type\":\"ListItem\",\"position\":1,\"name\":\"Accueil\",\"item\":\"https:\\\/\\\/www.voyages-d-affaires.com\\\/\"},{\"@type\":\"ListItem\",\"position\":2,\"name\":\"Brest devient la 9\u00e8me base France de Volotea\"}]},{\"@type\":\"WebSite\",\"@id\":\"https:\\\/\\\/www.voyages-d-affaires.com\\\/#website\",\"url\":\"https:\\\/\\\/www.voyages-d-affaires.com\\\/\",\"name\":\"Voyages d&#039;affaires\",\"description\":\"media fran\u00e7ais du Voyage d&#039;Affaires &amp; du MICE\",\"potentialAction\":[{\"@type\":\"SearchAction\",\"target\":{\"@type\":\"EntryPoint\",\"urlTemplate\":\"https:\\\/\\\/www.voyages-d-affaires.com\\\/?s={search_term_string}\"},\"query-input\":{\"@type\":\"PropertyValueSpecification\",\"valueRequired\":true,\"valueName\":\"search_term_string\"}}],\"inLanguage\":\"en-GB\"},{\"@type\":\"Person\",\"@id\":\"https:\\\/\\\/www.voyages-d-affaires.com\\\/#\\\/schema\\\/person\\\/c74b2eea412d55da7482e81e95f8edc3\",\"name\":\"Luc Citrinot\",\"url\":\"https:\\\/\\\/www.voyages-d-affaires.com\\\/en\\\/author\\\/luccitrinot\"}]}<\/script>\n<!-- \/ Yoast SEO Premium plugin. -->","yoast_head_json":{"title":"Volotea sets up a new base in Brest","description":"Volotea will take up residence in Brest, the new base for its network in France from April 2024.","robots":{"index":"index","follow":"follow","max-snippet":"max-snippet:-1","max-image-preview":"max-image-preview:large","max-video-preview":"max-video-preview:-1"},"canonical":"https:\/\/www.voyages-d-affaires.com\/en\/brest-volotea\/","og_locale":"en_GB","og_type":"article","og_title":"Brest devient la 9\u00e8me base France de Volotea","og_description":"Volotea va prendre possession de ses quartiers \u00e0 Brest, nouvelle base de son r\u00e9seau en France \u00e0 partir d'avril 2024.","og_url":"https:\/\/www.voyages-d-affaires.com\/en\/brest-volotea\/","og_site_name":"Voyages d&#039;affaires","article_published_time":"2023-12-06T04:58:42+00:00","article_modified_time":"2023-12-06T05:01:30+00:00","og_image":[{"width":700,"height":525,"url":"https:\/\/www.voyages-d-affaires.com\/wp-content\/uploads\/2023\/08\/img-20230823-153751.jpg","type":"image\/jpeg"}],"author":"Luc Citrinot","twitter_card":"summary_large_image","twitter_misc":{"Written by":"Luc Citrinot","Estimated reading time":"1 minute"},"schema":{"@context":"https:\/\/schema.org","@graph":[{"@type":"Article","@id":"https:\/\/www.voyages-d-affaires.com\/brest-volotea#article","isPartOf":{"@id":"https:\/\/www.voyages-d-affaires.com\/brest-volotea"},"author":{"name":"Luc Citrinot","@id":"https:\/\/www.voyages-d-affaires.com\/#\/schema\/person\/c74b2eea412d55da7482e81e95f8edc3"},"headline":"Brest devient la 9\u00e8me base France de Volotea","datePublished":"2023-12-06T04:58:42+00:00","dateModified":"2023-12-06T05:01:30+00:00","mainEntityOfPage":{"@id":"https:\/\/www.voyages-d-affaires.com\/brest-volotea"},"wordCount":152,"image":{"@id":"https:\/\/www.voyages-d-affaires.com\/brest-volotea#primaryimage"},"thumbnailUrl":"https:\/\/www.voyages-d-affaires.com\/wp-content\/uploads\/2023\/08\/img-20230823-153751.jpg","keywords":["France","low-cost"],"articleSection":["A\u00e9rien"],"inLanguage":"en-GB"},{"@type":"WebPage","@id":"https:\/\/www.voyages-d-affaires.com\/brest-volotea","url":"https:\/\/www.voyages-d-affaires.com\/brest-volotea","name":"Volotea sets up a new base in Brest","isPartOf":{"@id":"https:\/\/www.voyages-d-affaires.com\/#website"},"primaryImageOfPage":{"@id":"https:\/\/www.voyages-d-affaires.com\/brest-volotea#primaryimage"},"image":{"@id":"https:\/\/www.voyages-d-affaires.com\/brest-volotea#primaryimage"},"thumbnailUrl":"https:\/\/www.voyages-d-affaires.com\/wp-content\/uploads\/2023\/08\/img-20230823-153751.jpg","datePublished":"2023-12-06T04:58:42+00:00","dateModified":"2023-12-06T05:01:30+00:00","author":{"@id":"https:\/\/www.voyages-d-affaires.com\/#\/schema\/person\/c74b2eea412d55da7482e81e95f8edc3"},"description":"Volotea will take up residence in Brest, the new base for its network in France from April 2024.","breadcrumb":{"@id":"https:\/\/www.voyages-d-affaires.com\/brest-volotea#breadcrumb"},"inLanguage":"en-GB","potentialAction":[{"@type":"ReadAction","target":["https:\/\/www.voyages-d-affaires.com\/brest-volotea"]}]},{"@type":"ImageObject","inLanguage":"en-GB","@id":"https:\/\/www.voyages-d-affaires.com\/brest-volotea#primaryimage","url":"https:\/\/www.voyages-d-affaires.com\/wp-content\/uploads\/2023\/08\/img-20230823-153751.jpg","contentUrl":"https:\/\/www.voyages-d-affaires.com\/wp-content\/uploads\/2023\/08\/img-20230823-153751.jpg","width":700,"height":525,"caption":"Airbus de Volotea (Photo: Luc Citrinot)"},{"@type":"BreadcrumbList","@id":"https:\/\/www.voyages-d-affaires.com\/brest-volotea#breadcrumb","itemListElement":[{"@type":"ListItem","position":1,"name":"Accueil","item":"https:\/\/www.voyages-d-affaires.com\/"},{"@type":"ListItem","position":2,"name":"Brest devient la 9\u00e8me base France de Volotea"}]},{"@type":"WebSite","@id":"https:\/\/www.voyages-d-affaires.com\/#website","url":"https:\/\/www.voyages-d-affaires.com\/","name":"Business travel","description":"THE FRENCH BUSINESS TRAVEL &amp; MICE MEDIA","potentialAction":[{"@type":"SearchAction","target":{"@type":"EntryPoint","urlTemplate":"https:\/\/www.voyages-d-affaires.com\/?s={search_term_string}"},"query-input":{"@type":"PropertyValueSpecification","valueRequired":true,"valueName":"search_term_string"}}],"inLanguage":"en-GB"},{"@type":"Person","@id":"https:\/\/www.voyages-d-affaires.com\/#\/schema\/person\/c74b2eea412d55da7482e81e95f8edc3","name":"Luc Citrinot","url":"https:\/\/www.voyages-d-affaires.com\/en\/author\/luccitrinot"}]}},"_links":{"self":[{"href":"https:\/\/www.voyages-d-affaires.com\/en\/wp-json\/wp\/v2\/posts\/163689","targetHints":{"allow":["GET"]}}],"collection":[{"href":"https:\/\/www.voyages-d-affaires.com\/en\/wp-json\/wp\/v2\/posts"}],"about":[{"href":"https:\/\/www.voyages-d-affaires.com\/en\/wp-json\/wp\/v2\/types\/post"}],"author":[{"embeddable":true,"href":"https:\/\/www.voyages-d-affaires.com\/en\/wp-json\/wp\/v2\/users\/21"}],"replies":[{"embeddable":true,"href":"https:\/\/www.voyages-d-affaires.com\/en\/wp-json\/wp\/v2\/comments?post=163689"}],"version-history":[{"count":4,"href":"https:\/\/www.voyages-d-affaires.com\/en\/wp-json\/wp\/v2\/posts\/163689\/revisions"}],"predecessor-version":[{"id":163697,"href":"https:\/\/www.voyages-d-affaires.com\/en\/wp-json\/wp\/v2\/posts\/163689\/revisions\/163697"}],"wp:featuredmedia":[{"embeddable":true,"href":"https:\/\/www.voyages-d-affaires.com\/en\/wp-json\/wp\/v2\/media\/155297"}],"wp:attachment":[{"href":"https:\/\/www.voyages-d-affaires.com\/en\/wp-json\/wp\/v2\/media?parent=163689"}],"wp:term":[{"taxonomy":"category","embeddable":true,"href":"https:\/\/www.voyages-d-affaires.com\/en\/wp-json\/wp\/v2\/categories?post=163689"},{"taxonomy":"post_tag","embeddable":true,"href":"https:\/\/www.voyages-d-affaires.com\/en\/wp-json\/wp\/v2\/tags?post=163689"},{"taxonomy":"type-darticle","embeddable":true,"href":"https:\/\/www.voyages-d-affaires.com\/en\/wp-json\/wp\/v2\/type-darticle?post=163689"},{"taxonomy":"n_magazine","embeddable":true,"href":"https:\/\/www.voyages-d-affaires.com\/en\/wp-json\/wp\/v2\/n_magazine?post=163689"}],"curies":[{"name":"wp","href":"https:\/\/api.w.org\/{rel}","templated":true}]}}