{"id":178913,"date":"2024-07-31T11:38:59","date_gmt":"2024-07-31T09:38:59","guid":{"rendered":"https:\/\/www.voyages-d-affaires.com\/?p=178913"},"modified":"2024-07-31T11:38:59","modified_gmt":"2024-07-31T09:38:59","slug":"flight-montpellier-rennes-volotea","status":"publish","type":"post","link":"https:\/\/www.voyages-d-affaires.com\/en\/flight-montpellier-rennes-volotea","title":{"rendered":"Montpellier-Rennes flight coming soon"},"content":{"rendered":"<p><strong>Volotea <\/strong>is continuing its offensive in French airspace with the imminent arrival of a new flight from Montpellier. On Wednesday, the low-cost airline made official the launch of a flight <strong>Montpellier-Rennes<\/strong>. Expected in <strong>November <\/strong>Next year, this new link will be operated <strong>twice a week<\/strong>. Flights are scheduled every Monday and Thursday, with the exception of the Christmas period (Thursday and Sunday).<\/p>\n\n\n\n<aside class=\"wp-block-varenne-quote\"><blockquote><p>This new service illustrates Volotea's commitment to the Occitanie region and our ambition to continue developing these internal routes, which are so dear to our passengers.<\/p><cite>Gilles Gosselin, Head of France at Volotea<\/cite><\/blockquote><\/aside>\n\n\n\n<p>\" <em>We are delighted to announce the launch of this new air service from Montpellier to Rennes.<\/em> \"Gilles Gosselin is delighted. Volotea's Head of France continues: \" <em>We are committed to offering domestic destinations to the inhabitants of the Occitanie region, making it easier for them to meet up with family or friends in the four corners of France. This new offer illustrates Volotea's commitment to the Occitanie region and our ambition to continue to develop these domestic routes, which are so dear to our passengers' hearts.<\/em> \".<\/p>\n\n\n\n<p>Since his arrival at <strong>Montpellier <\/strong>In 2012, Volotea carried more than 2.2 million passengers. With the addition of <strong>Rennes<\/strong>The airline will link Montpellier airport to eight French destinations. Volotea serves <strong>Ajaccio, Bastia, Brest, Caen, Lille, Nantes and <a href=\"https:\/\/www.voyages-d-affaires.com\/en\/volotea-strasbourg-20231123.html\/\">Strasbourg<\/a><\/strong>. The low-cost carrier has also increased the number of seats it offers by 13% this year compared with 2023, to exceed the 350,000 mark. \"We are so pleased and proud to see that Volotea is continuing its development in Montpellier with the opening of this route to the capital of Brittany,\" says Emmanuel Brehmer, Chairman of the Management Board of Montpellier-M\u00e9diterran\u00e9e Airport. In terms of the number of destinations and the number of people carried, Volotea has conquered a major position on our hub. In terms of fares and quality, it has become a vector of our attractiveness and usefulness\".<\/p>\n\n\n\n<h2 class=\"wp-block-heading\" id=\"h-la-plus-francaise-des-compagnies-espanoles\">The most French of Spanish companies<\/h2>\n\n\n\n<p>Beyond Montpellier, it's the entire <a href=\"https:\/\/www.voyages-d-affaires.com\/en\/volotea-france-marche-principal-20220214.html\/\">home network<\/a> which every year sees the number of <a href=\"https:\/\/www.voyages-d-affaires.com\/en\/air-france-volotea-lignes-domestiques-20230827.html\/\">leadership of the most French of Spanish companies<\/a>. Volotea is offering almost 7.5 million seats this year and \"has now reached more than 270 routes in France (+100 since 2019), of which 50 % are without competition\", as the airline's management points out. \"As part of this growth strategy, Volotea intends to play an important economic and social role in France at the 9 bases where it operates: Nantes, Bordeaux, Strasbourg, Toulouse, Marseille, Lyon and Lille, <a href=\"https:\/\/www.voyages-d-affaires.com\/en\/volotea-orly-lourdes-20220607.html\/\">Lourdes <\/a>and <a href=\"https:\/\/www.voyages-d-affaires.com\/en\/brest-volotea-20231206.html\/\">Brest<\/a>. Volotea will base 23 aircraft on French soil in 2024, a large fleet synonymous with 900 direct jobs and almost 5,000 indirect jobs\".<\/p>","protected":false},"excerpt":{"rendered":"<p>Volotea has just announced the launch of a new flight linking Montpellier and Rennes airports. And it is asserting itself as the most French of the Spanish airlines.<\/p>","protected":false},"author":17,"featured_media":178921,"comment_status":"closed","ping_status":"closed","sticky":false,"template":"","format":"standard","meta":{"_acf_changed":false,"footnotes":""},"categories":[59],"tags":[1019,1361],"type-darticle":[52],"n_magazine":[],"class_list":["post-178913","post","type-post","status-publish","format-standard","has-post-thumbnail","hentry","category-aerien","tag-france","tag-low-cost","type-darticle-breve","vapo-free"],"acf":[],"yoast_head":"<!-- This site is optimized with the Yoast SEO Premium plugin v25.9 (Yoast SEO v25.9) - https:\/\/yoast.com\/wordpress\/plugins\/seo\/ -->\n<title>Un vol Montpellier-Rennes d\u00e9voil\u00e9 par Volotea<\/title>\n<meta name=\"description\" content=\"Montpellier-Rennes : voil\u00e0 le nouveau vol officialis\u00e9 aujourd&#039;hui par Volotea, qui s&#039;affirme encore davntage dans le ciel fran\u00e7ais.\" \/>\n<meta name=\"robots\" content=\"index, follow, max-snippet:-1, max-image-preview:large, max-video-preview:-1\" \/>\n<link rel=\"canonical\" href=\"https:\/\/www.voyages-d-affaires.com\/en\/flight-montpellier-rennes-volotea\" \/>\n<meta property=\"og:locale\" content=\"en_GB\" \/>\n<meta property=\"og:type\" content=\"article\" \/>\n<meta property=\"og:title\" content=\"Un vol Montpellier-Rennes en approche\" \/>\n<meta property=\"og:description\" content=\"Montpellier-Rennes : voil\u00e0 le nouveau vol officialis\u00e9 aujourd&#039;hui par Volotea, qui s&#039;affirme encore davntage dans le ciel fran\u00e7ais.\" \/>\n<meta property=\"og:url\" content=\"https:\/\/www.voyages-d-affaires.com\/en\/flight-montpellier-rennes-volotea\" \/>\n<meta property=\"og:site_name\" content=\"Voyages d&#039;affaires\" \/>\n<meta property=\"article:published_time\" content=\"2024-07-31T09:38:59+00:00\" \/>\n<meta property=\"og:image\" content=\"https:\/\/www.voyages-d-affaires.com\/wp-content\/uploads\/2024\/07\/volotea.jpg\" \/>\n\t<meta property=\"og:image:width\" content=\"695\" \/>\n\t<meta property=\"og:image:height\" content=\"521\" \/>\n\t<meta property=\"og:image:type\" content=\"image\/jpeg\" \/>\n<meta name=\"author\" content=\"Florian Guillemin\" \/>\n<meta name=\"twitter:card\" content=\"summary_large_image\" \/>\n<meta name=\"twitter:label1\" content=\"Written by\" \/>\n\t<meta name=\"twitter:data1\" content=\"Florian Guillemin\" \/>\n\t<meta name=\"twitter:label2\" content=\"Estimated reading time\" \/>\n\t<meta name=\"twitter:data2\" content=\"3 minutes\" \/>\n<script type=\"application\/ld+json\" class=\"yoast-schema-graph\">{\"@context\":\"https:\/\/schema.org\",\"@graph\":[{\"@type\":\"WebPage\",\"@id\":\"https:\/\/www.voyages-d-affaires.com\/vol-montpellier-rennes-volotea\",\"url\":\"https:\/\/www.voyages-d-affaires.com\/vol-montpellier-rennes-volotea\",\"name\":\"Un vol Montpellier-Rennes d\u00e9voil\u00e9 par Volotea\",\"isPartOf\":{\"@id\":\"https:\/\/www.voyages-d-affaires.com\/#website\"},\"primaryImageOfPage\":{\"@id\":\"https:\/\/www.voyages-d-affaires.com\/vol-montpellier-rennes-volotea#primaryimage\"},\"image\":{\"@id\":\"https:\/\/www.voyages-d-affaires.com\/vol-montpellier-rennes-volotea#primaryimage\"},\"thumbnailUrl\":\"https:\/\/www.voyages-d-affaires.com\/wp-content\/uploads\/2024\/07\/volotea.jpg\",\"datePublished\":\"2024-07-31T09:38:59+00:00\",\"author\":{\"@id\":\"https:\/\/www.voyages-d-affaires.com\/#\/schema\/person\/21d3288dfdda735a7c37eb00030560b7\"},\"description\":\"Montpellier-Rennes : voil\u00e0 le nouveau vol officialis\u00e9 aujourd'hui par Volotea, qui s'affirme encore davntage dans le ciel fran\u00e7ais.\",\"breadcrumb\":{\"@id\":\"https:\/\/www.voyages-d-affaires.com\/vol-montpellier-rennes-volotea#breadcrumb\"},\"inLanguage\":\"en-GB\",\"potentialAction\":[{\"@type\":\"ReadAction\",\"target\":[\"https:\/\/www.voyages-d-affaires.com\/vol-montpellier-rennes-volotea\"]}]},{\"@type\":\"ImageObject\",\"inLanguage\":\"en-GB\",\"@id\":\"https:\/\/www.voyages-d-affaires.com\/vol-montpellier-rennes-volotea#primaryimage\",\"url\":\"https:\/\/www.voyages-d-affaires.com\/wp-content\/uploads\/2024\/07\/volotea.jpg\",\"contentUrl\":\"https:\/\/www.voyages-d-affaires.com\/wp-content\/uploads\/2024\/07\/volotea.jpg\",\"width\":695,\"height\":521,\"caption\":\"Volotea poursuit sa mont\u00e9e en puissance sur les lignes int\u00e9rieures fran\u00e7aises avec un nouveau vol Montpellier-Rennes\"},{\"@type\":\"BreadcrumbList\",\"@id\":\"https:\/\/www.voyages-d-affaires.com\/vol-montpellier-rennes-volotea#breadcrumb\",\"itemListElement\":[{\"@type\":\"ListItem\",\"position\":1,\"name\":\"Accueil\",\"item\":\"https:\/\/www.voyages-d-affaires.com\/\"},{\"@type\":\"ListItem\",\"position\":2,\"name\":\"Un vol Montpellier-Rennes en approche\"}]},{\"@type\":\"WebSite\",\"@id\":\"https:\/\/www.voyages-d-affaires.com\/#website\",\"url\":\"https:\/\/www.voyages-d-affaires.com\/\",\"name\":\"Voyages d&#039;affaires\",\"description\":\"media fran\u00e7ais du Voyage d&#039;Affaires &amp; du MICE\",\"potentialAction\":[{\"@type\":\"SearchAction\",\"target\":{\"@type\":\"EntryPoint\",\"urlTemplate\":\"https:\/\/www.voyages-d-affaires.com\/?s={search_term_string}\"},\"query-input\":{\"@type\":\"PropertyValueSpecification\",\"valueRequired\":true,\"valueName\":\"search_term_string\"}}],\"inLanguage\":\"en-GB\"},{\"@type\":\"Person\",\"@id\":\"https:\/\/www.voyages-d-affaires.com\/#\/schema\/person\/21d3288dfdda735a7c37eb00030560b7\",\"name\":\"Florian Guillemin\",\"url\":\"https:\/\/www.voyages-d-affaires.com\/en\/author\/florian\"}]}<\/script>\n<!-- \/ Yoast SEO Premium plugin. -->","yoast_head_json":{"title":"A Montpellier-Rennes flight unveiled by Volotea","description":"Montpellier-Rennes: this is the new flight made official today by Volotea, which is making further inroads into French airspace.","robots":{"index":"index","follow":"follow","max-snippet":"max-snippet:-1","max-image-preview":"max-image-preview:large","max-video-preview":"max-video-preview:-1"},"canonical":"https:\/\/www.voyages-d-affaires.com\/en\/flight-montpellier-rennes-volotea","og_locale":"en_GB","og_type":"article","og_title":"Un vol Montpellier-Rennes en approche","og_description":"Montpellier-Rennes : voil\u00e0 le nouveau vol officialis\u00e9 aujourd'hui par Volotea, qui s'affirme encore davntage dans le ciel fran\u00e7ais.","og_url":"https:\/\/www.voyages-d-affaires.com\/en\/flight-montpellier-rennes-volotea","og_site_name":"Voyages d&#039;affaires","article_published_time":"2024-07-31T09:38:59+00:00","og_image":[{"width":695,"height":521,"url":"https:\/\/www.voyages-d-affaires.com\/wp-content\/uploads\/2024\/07\/volotea.jpg","type":"image\/jpeg"}],"author":"Florian Guillemin","twitter_card":"summary_large_image","twitter_misc":{"Written by":"Florian Guillemin","Estimated reading time":"3 minutes"},"schema":{"@context":"https:\/\/schema.org","@graph":[{"@type":"WebPage","@id":"https:\/\/www.voyages-d-affaires.com\/vol-montpellier-rennes-volotea","url":"https:\/\/www.voyages-d-affaires.com\/vol-montpellier-rennes-volotea","name":"A Montpellier-Rennes flight unveiled by Volotea","isPartOf":{"@id":"https:\/\/www.voyages-d-affaires.com\/#website"},"primaryImageOfPage":{"@id":"https:\/\/www.voyages-d-affaires.com\/vol-montpellier-rennes-volotea#primaryimage"},"image":{"@id":"https:\/\/www.voyages-d-affaires.com\/vol-montpellier-rennes-volotea#primaryimage"},"thumbnailUrl":"https:\/\/www.voyages-d-affaires.com\/wp-content\/uploads\/2024\/07\/volotea.jpg","datePublished":"2024-07-31T09:38:59+00:00","author":{"@id":"https:\/\/www.voyages-d-affaires.com\/#\/schema\/person\/21d3288dfdda735a7c37eb00030560b7"},"description":"Montpellier-Rennes: this is the new flight made official today by Volotea, which is making further inroads into French airspace.","breadcrumb":{"@id":"https:\/\/www.voyages-d-affaires.com\/vol-montpellier-rennes-volotea#breadcrumb"},"inLanguage":"en-GB","potentialAction":[{"@type":"ReadAction","target":["https:\/\/www.voyages-d-affaires.com\/vol-montpellier-rennes-volotea"]}]},{"@type":"ImageObject","inLanguage":"en-GB","@id":"https:\/\/www.voyages-d-affaires.com\/vol-montpellier-rennes-volotea#primaryimage","url":"https:\/\/www.voyages-d-affaires.com\/wp-content\/uploads\/2024\/07\/volotea.jpg","contentUrl":"https:\/\/www.voyages-d-affaires.com\/wp-content\/uploads\/2024\/07\/volotea.jpg","width":695,"height":521,"caption":"Volotea poursuit sa mont\u00e9e en puissance sur les lignes int\u00e9rieures fran\u00e7aises avec un nouveau vol Montpellier-Rennes"},{"@type":"BreadcrumbList","@id":"https:\/\/www.voyages-d-affaires.com\/vol-montpellier-rennes-volotea#breadcrumb","itemListElement":[{"@type":"ListItem","position":1,"name":"Accueil","item":"https:\/\/www.voyages-d-affaires.com\/"},{"@type":"ListItem","position":2,"name":"Un vol Montpellier-Rennes en approche"}]},{"@type":"WebSite","@id":"https:\/\/www.voyages-d-affaires.com\/#website","url":"https:\/\/www.voyages-d-affaires.com\/","name":"Business travel","description":"THE FRENCH BUSINESS TRAVEL &amp; MICE MEDIA","potentialAction":[{"@type":"SearchAction","target":{"@type":"EntryPoint","urlTemplate":"https:\/\/www.voyages-d-affaires.com\/?s={search_term_string}"},"query-input":{"@type":"PropertyValueSpecification","valueRequired":true,"valueName":"search_term_string"}}],"inLanguage":"en-GB"},{"@type":"Person","@id":"https:\/\/www.voyages-d-affaires.com\/#\/schema\/person\/21d3288dfdda735a7c37eb00030560b7","name":"Florian Guillemin","url":"https:\/\/www.voyages-d-affaires.com\/en\/author\/florian"}]}},"_links":{"self":[{"href":"https:\/\/www.voyages-d-affaires.com\/en\/wp-json\/wp\/v2\/posts\/178913","targetHints":{"allow":["GET"]}}],"collection":[{"href":"https:\/\/www.voyages-d-affaires.com\/en\/wp-json\/wp\/v2\/posts"}],"about":[{"href":"https:\/\/www.voyages-d-affaires.com\/en\/wp-json\/wp\/v2\/types\/post"}],"author":[{"embeddable":true,"href":"https:\/\/www.voyages-d-affaires.com\/en\/wp-json\/wp\/v2\/users\/17"}],"replies":[{"embeddable":true,"href":"https:\/\/www.voyages-d-affaires.com\/en\/wp-json\/wp\/v2\/comments?post=178913"}],"version-history":[{"count":4,"href":"https:\/\/www.voyages-d-affaires.com\/en\/wp-json\/wp\/v2\/posts\/178913\/revisions"}],"predecessor-version":[{"id":178923,"href":"https:\/\/www.voyages-d-affaires.com\/en\/wp-json\/wp\/v2\/posts\/178913\/revisions\/178923"}],"wp:featuredmedia":[{"embeddable":true,"href":"https:\/\/www.voyages-d-affaires.com\/en\/wp-json\/wp\/v2\/media\/178921"}],"wp:attachment":[{"href":"https:\/\/www.voyages-d-affaires.com\/en\/wp-json\/wp\/v2\/media?parent=178913"}],"wp:term":[{"taxonomy":"category","embeddable":true,"href":"https:\/\/www.voyages-d-affaires.com\/en\/wp-json\/wp\/v2\/categories?post=178913"},{"taxonomy":"post_tag","embeddable":true,"href":"https:\/\/www.voyages-d-affaires.com\/en\/wp-json\/wp\/v2\/tags?post=178913"},{"taxonomy":"type-darticle","embeddable":true,"href":"https:\/\/www.voyages-d-affaires.com\/en\/wp-json\/wp\/v2\/type-darticle?post=178913"},{"taxonomy":"n_magazine","embeddable":true,"href":"https:\/\/www.voyages-d-affaires.com\/en\/wp-json\/wp\/v2\/n_magazine?post=178913"}],"curies":[{"name":"wp","href":"https:\/\/api.w.org\/{rel}","templated":true}]}}