{"id":184851,"date":"2024-11-08T15:53:06","date_gmt":"2024-11-08T14:53:06","guid":{"rendered":"https:\/\/www.voyages-d-affaires.com\/?p=184851"},"modified":"2025-04-07T11:25:20","modified_gmt":"2025-04-07T09:25:20","slug":"brest-volotea-easyjet-nice","status":"publish","type":"post","link":"https:\/\/www.voyages-d-affaires.com\/en\/brest-volotea-easyjet-nice","title":{"rendered":"Volotea joins Brest on the road to Europe, like easyJet in Nice"},"content":{"rendered":"<p class=\"wp-block-paragraph\">Volotea inaugurated the <strong>7 November: two new flights from Brest Bretagne Airport<\/strong>to two business destinations: <strong>London and Strasbourg<\/strong>. The British capital will now be linked to Brest twice a week, every Thursday and Sunday. The schedule will change in April, with flights operated on Mondays and Thursdays. The Brest-Strasbourg route will also be limited to two weekly frequencies, on Thursdays and Sundays. And to add a little sunshine to its Brest catalogue, Volotea is also launching new flights to <strong>Tenerife and Lanzarote<\/strong>. Operations start on 9 November, with one flight per week.<\/p>\n\n\n\n<aside class=\"wp-block-varenne-quote\"><blockquote><p>In the West, the sky is widening! We're delighted to welcome these four new destinations, which will considerably improve our region's connections<\/p><cite>Claude Arphxad, Director of Brest Bretagne Airport<\/cite><\/blockquote><\/aside>\n\n\n\n<p class=\"wp-block-paragraph\">\" <em>In the West, the sky is getting wider!<\/em>\"says an enthusiastic Claude Arphxad. The Director of Brest Bretagne airport continues: \"<em>We are delighted to welcome these four new destinations, which will considerably improve our region's connections. As a result, the distances separating the city of Brest from the rest of the world are shrinking. Many thanks to Volotea for this increase in activity, which meets the needs of the people of Brittany.<\/em> \".<\/p>\n\n\n\n<aside class=\"wp-block-varenne-link-block\"><p><a href=\"https:\/\/www.voyages-d-affaires.com\/en\/brest-volotea-20231206.html\/\" data-id=\"163689\">Brest becomes Volotea's 9th base in France<\/a><\/p><\/aside>\n\n\n\n<h2 class=\"wp-block-heading\" id=\"h-un-taux-de-remplissage-de-94\">A fill rate of 94 %<\/h2>\n\n\n\n<p class=\"wp-block-paragraph\">Launched last April, Volotea's Brest base has clearly found its audience. The low-cost carrier boasts a load factor of 94 % on its flights since the start of the year. The carrier is forecasting a total of almost 350,000 seats available in 2024, a figure that has risen by 181 % in one year!<br>For Gilles Gosselin, Volotea's Head of France, who made the trip for the occasion, \"<em>These new destinations mark another step forward in our commitment to offering Bretons varied, accessible and quality destinations. For more than ten years, Volotea has been supporting the region's connectivity, and today we are proud to consolidate our offer in Finist\u00e8re even further. Our teams and Brest Bretagne Airport have worked hand in hand to meet our passengers' expectations, and these new routes illustrate our desire to establish a lasting presence in Finist\u00e8re. We look forward to continuing this wonderful adventure with the people of Brittany, offering them even more exciting destinations to suit their tastes.<\/em>\".<\/p>\n\n\n\n<aside class=\"wp-block-varenne-link-block\"><p><a href=\"https:\/\/www.voyages-d-affaires.com\/en\/transavia-volotea-ryanair-bordeaux-20241003.html\/\" data-id=\"182105\">Transavia and Volotea seize the opportunity offered by Ryanair's departure from Bordeaux<\/a><\/p><\/aside>\n\n\n<div class=\"wp-block-image\">\n<figure class=\"aligncenter size-full\"><img loading=\"lazy\" decoding=\"async\" width=\"700\" height=\"280\" src=\"https:\/\/www.voyages-d-affaires.com\/wp-content\/uploads\/2024\/11\/brest-volotea.jpg\" alt=\"\" class=\"wp-image-184871\" srcset=\"https:\/\/www.voyages-d-affaires.com\/wp-content\/uploads\/2024\/11\/brest-volotea.jpg 700w, https:\/\/www.voyages-d-affaires.com\/wp-content\/uploads\/2024\/11\/brest-volotea-300x120-derived.jpg 300w\" sizes=\"auto, (max-width: 700px) 100vw, 700px\" \/><\/figure>\n<\/div>\n\n\n<h2 class=\"wp-block-heading\" id=\"h-un-nouvelle-destination-easyjet-a-nice\">A new easyJet destination in Nice<\/h2>\n\n\n\n<p class=\"wp-block-paragraph\">Further south, easyJet also made a name for itself this week by announcing a new destination which will soon be linked to the<strong><a href=\"https:\/\/www.voyages-d-affaires.com\/en\/aeroport-nice-quatre-nouvelles-destinations-20240305.html\/\">Nice airport<\/a><\/strong>. The low-cost airline will be flying to <strong>D\u00fcsseldorf <\/strong>four times a week, every Tuesday, Thursday, Friday and Sunday. A dense enough schedule to meet the demands of business travellers, even if the airline is clearly focusing more on leisure and even bleisure: \" <em>I'm delighted to announce the opening of a new route to D\u00fcsseldorf from Nice. This unique destination will enable our passengers to discover the beauty and excitement of this German metropolis on the banks of the Rhine.<\/em>\"testifies <a href=\"https:\/\/www.voyages-d-affaires.com\/en\/reginald-otten-easyjet-france-interview-20250407.html\/\" target=\"_blank\" rel=\"noreferrer noopener\">Reginald Otten, easyJet Deputy Managing Director for France<\/a>. \"<em>With its modern districts, world-famous museums and lively old town, D\u00fcsseldorf is an invitation to travel, rich in culture and discovery. As France's leading regional airline outside Paris, we are continuing to strengthen our network from Nice, offering experiences that are as attractive as they are unforgettable for the millions of C\u00f4te d'Azur residents who put their trust in us every year.<\/em> \".<\/p>\n\n\n\n<aside class=\"wp-block-varenne-link-block\"><p><a href=\"https:\/\/www.voyages-d-affaires.com\/en\/volotea-bordeaux-lyon-20241204.html\/\" data-id=\"186753\">From Bordeaux to Lyon, Volotea's 2025 good resolutions unveiled<\/a><\/p><\/aside>","protected":false},"excerpt":{"rendered":"<p>Volotea is adding four new routes from its base in Brest. These include two business destinations. In Nice, easyJet is also expanding its network.  <\/p>","protected":false},"author":17,"featured_media":184869,"comment_status":"closed","ping_status":"closed","sticky":false,"template":"","format":"standard","meta":{"_acf_changed":false,"footnotes":""},"categories":[59],"tags":[127,131,149,1019,1361,1589],"type-darticle":[52],"n_magazine":[],"class_list":["post-184851","post","type-post","status-publish","format-standard","has-post-thumbnail","hentry","category-aerien","tag-europe","tag-compagnies-aeriennes","tag-easyjet","tag-france","tag-low-cost","tag-strasbourg","type-darticle-breve","vapo-free"],"acf":[],"yoast_head":"<!-- This site is optimized with the Yoast SEO Premium plugin v28.4 (Yoast SEO v28.4) - https:\/\/yoast.com\/product\/yoast-seo-premium-wordpress\/ -->\n<title>Volotea prend de l&#039;altitude \u00e0 Brest, comme easyJet \u00e0 Nice<\/title>\n<meta name=\"description\" content=\"Volotea surfe sur le succ\u00e8s de sa base de Brest en renfor\u00e7ant son catalogue fran\u00e7ais et europ\u00e9en. A Nice, easyJet d\u00e9voile une nouvelle destination.\" \/>\n<meta name=\"robots\" content=\"index, follow, max-snippet:-1, max-image-preview:large, max-video-preview:-1\" \/>\n<link rel=\"canonical\" href=\"https:\/\/www.voyages-d-affaires.com\/en\/brest-volotea-easyjet-nice\/\" \/>\n<meta property=\"og:locale\" content=\"en_GB\" \/>\n<meta property=\"og:type\" content=\"article\" \/>\n<meta property=\"og:title\" content=\"Volotea accompagne Brest sur la route de l&#039;Europe, comme easyJet \u00e0 Nice\" \/>\n<meta property=\"og:description\" content=\"Volotea surfe sur le succ\u00e8s de sa base de Brest en renfor\u00e7ant son catalogue fran\u00e7ais et europ\u00e9en. A Nice, easyJet d\u00e9voile une nouvelle destination.\" \/>\n<meta property=\"og:url\" content=\"https:\/\/www.voyages-d-affaires.com\/en\/brest-volotea-easyjet-nice\/\" \/>\n<meta property=\"og:site_name\" content=\"Voyages d&#039;affaires\" \/>\n<meta property=\"article:published_time\" content=\"2024-11-08T14:53:06+00:00\" \/>\n<meta property=\"article:modified_time\" content=\"2025-04-07T09:25:20+00:00\" \/>\n<meta property=\"og:image\" content=\"https:\/\/www.voyages-d-affaires.com\/wp-content\/uploads\/2024\/11\/brest-strasbourg.jpg\" \/>\n\t<meta property=\"og:image:width\" content=\"700\" \/>\n\t<meta property=\"og:image:height\" content=\"525\" \/>\n\t<meta property=\"og:image:type\" content=\"image\/jpeg\" \/>\n<meta name=\"author\" content=\"Florian Guillemin\" \/>\n<meta name=\"twitter:card\" content=\"summary_large_image\" \/>\n<meta name=\"twitter:label1\" content=\"Written by\" \/>\n\t<meta name=\"twitter:data1\" content=\"Florian Guillemin\" \/>\n\t<meta name=\"twitter:label2\" content=\"Estimated reading time\" \/>\n\t<meta name=\"twitter:data2\" content=\"4 minutes\" \/>\n<script type=\"application\/ld+json\" class=\"yoast-schema-graph\">{\"@context\":\"https:\\\/\\\/schema.org\",\"@graph\":[{\"@type\":\"Article\",\"@id\":\"https:\\\/\\\/www.voyages-d-affaires.com\\\/brest-volotea-easyjet-nice#article\",\"isPartOf\":{\"@id\":\"https:\\\/\\\/www.voyages-d-affaires.com\\\/brest-volotea-easyjet-nice\"},\"author\":{\"name\":\"Florian Guillemin\",\"@id\":\"https:\\\/\\\/www.voyages-d-affaires.com\\\/#\\\/schema\\\/person\\\/21d3288dfdda735a7c37eb00030560b7\"},\"headline\":\"Volotea accompagne Brest sur la route de l&rsquo;Europe, comme easyJet \u00e0 Nice\",\"datePublished\":\"2024-11-08T14:53:06+00:00\",\"dateModified\":\"2025-04-07T09:25:20+00:00\",\"mainEntityOfPage\":{\"@id\":\"https:\\\/\\\/www.voyages-d-affaires.com\\\/brest-volotea-easyjet-nice\"},\"wordCount\":668,\"image\":{\"@id\":\"https:\\\/\\\/www.voyages-d-affaires.com\\\/brest-volotea-easyjet-nice#primaryimage\"},\"thumbnailUrl\":\"https:\\\/\\\/www.voyages-d-affaires.com\\\/wp-content\\\/uploads\\\/2024\\\/11\\\/brest-strasbourg.jpg\",\"keywords\":[\"Europe\",\"compagnies a\u00e9riennes\",\"Easyjet\",\"France\",\"low-cost\",\"Strasbourg\"],\"articleSection\":[\"A\u00e9rien\"],\"inLanguage\":\"en-GB\"},{\"@type\":\"WebPage\",\"@id\":\"https:\\\/\\\/www.voyages-d-affaires.com\\\/brest-volotea-easyjet-nice\",\"url\":\"https:\\\/\\\/www.voyages-d-affaires.com\\\/brest-volotea-easyjet-nice\",\"name\":\"Volotea prend de l'altitude \u00e0 Brest, comme easyJet \u00e0 Nice\",\"isPartOf\":{\"@id\":\"https:\\\/\\\/www.voyages-d-affaires.com\\\/#website\"},\"primaryImageOfPage\":{\"@id\":\"https:\\\/\\\/www.voyages-d-affaires.com\\\/brest-volotea-easyjet-nice#primaryimage\"},\"image\":{\"@id\":\"https:\\\/\\\/www.voyages-d-affaires.com\\\/brest-volotea-easyjet-nice#primaryimage\"},\"thumbnailUrl\":\"https:\\\/\\\/www.voyages-d-affaires.com\\\/wp-content\\\/uploads\\\/2024\\\/11\\\/brest-strasbourg.jpg\",\"datePublished\":\"2024-11-08T14:53:06+00:00\",\"dateModified\":\"2025-04-07T09:25:20+00:00\",\"author\":{\"@id\":\"https:\\\/\\\/www.voyages-d-affaires.com\\\/#\\\/schema\\\/person\\\/21d3288dfdda735a7c37eb00030560b7\"},\"description\":\"Volotea surfe sur le succ\u00e8s de sa base de Brest en renfor\u00e7ant son catalogue fran\u00e7ais et europ\u00e9en. A Nice, easyJet d\u00e9voile une nouvelle destination.\",\"breadcrumb\":{\"@id\":\"https:\\\/\\\/www.voyages-d-affaires.com\\\/brest-volotea-easyjet-nice#breadcrumb\"},\"inLanguage\":\"en-GB\",\"potentialAction\":[{\"@type\":\"ReadAction\",\"target\":[\"https:\\\/\\\/www.voyages-d-affaires.com\\\/brest-volotea-easyjet-nice\"]}]},{\"@type\":\"ImageObject\",\"inLanguage\":\"en-GB\",\"@id\":\"https:\\\/\\\/www.voyages-d-affaires.com\\\/brest-volotea-easyjet-nice#primaryimage\",\"url\":\"https:\\\/\\\/www.voyages-d-affaires.com\\\/wp-content\\\/uploads\\\/2024\\\/11\\\/brest-strasbourg.jpg\",\"contentUrl\":\"https:\\\/\\\/www.voyages-d-affaires.com\\\/wp-content\\\/uploads\\\/2024\\\/11\\\/brest-strasbourg.jpg\",\"width\":700,\"height\":525,\"caption\":\"Volotea vient d'inaugurer deux vols au d\u00e9part de l'a\u00e9roport de Brest\"},{\"@type\":\"BreadcrumbList\",\"@id\":\"https:\\\/\\\/www.voyages-d-affaires.com\\\/brest-volotea-easyjet-nice#breadcrumb\",\"itemListElement\":[{\"@type\":\"ListItem\",\"position\":1,\"name\":\"Accueil\",\"item\":\"https:\\\/\\\/www.voyages-d-affaires.com\\\/\"},{\"@type\":\"ListItem\",\"position\":2,\"name\":\"Volotea accompagne Brest sur la route de l&rsquo;Europe, comme easyJet \u00e0 Nice\"}]},{\"@type\":\"WebSite\",\"@id\":\"https:\\\/\\\/www.voyages-d-affaires.com\\\/#website\",\"url\":\"https:\\\/\\\/www.voyages-d-affaires.com\\\/\",\"name\":\"Voyages d&#039;affaires\",\"description\":\"media fran\u00e7ais du Voyage d&#039;Affaires &amp; du MICE\",\"potentialAction\":[{\"@type\":\"SearchAction\",\"target\":{\"@type\":\"EntryPoint\",\"urlTemplate\":\"https:\\\/\\\/www.voyages-d-affaires.com\\\/?s={search_term_string}\"},\"query-input\":{\"@type\":\"PropertyValueSpecification\",\"valueRequired\":true,\"valueName\":\"search_term_string\"}}],\"inLanguage\":\"en-GB\"},{\"@type\":\"Person\",\"@id\":\"https:\\\/\\\/www.voyages-d-affaires.com\\\/#\\\/schema\\\/person\\\/21d3288dfdda735a7c37eb00030560b7\",\"name\":\"Florian Guillemin\",\"url\":\"https:\\\/\\\/www.voyages-d-affaires.com\\\/en\\\/author\\\/florian\"}]}<\/script>\n<!-- \/ Yoast SEO Premium plugin. -->","yoast_head_json":{"title":"Volotea gains altitude in Brest, like easyJet in Nice","description":"Volotea is building on the success of its Brest base by strengthening its French and European catalogue. In Nice, easyJet is unveiling a new destination.","robots":{"index":"index","follow":"follow","max-snippet":"max-snippet:-1","max-image-preview":"max-image-preview:large","max-video-preview":"max-video-preview:-1"},"canonical":"https:\/\/www.voyages-d-affaires.com\/en\/brest-volotea-easyjet-nice\/","og_locale":"en_GB","og_type":"article","og_title":"Volotea accompagne Brest sur la route de l'Europe, comme easyJet \u00e0 Nice","og_description":"Volotea surfe sur le succ\u00e8s de sa base de Brest en renfor\u00e7ant son catalogue fran\u00e7ais et europ\u00e9en. A Nice, easyJet d\u00e9voile une nouvelle destination.","og_url":"https:\/\/www.voyages-d-affaires.com\/en\/brest-volotea-easyjet-nice\/","og_site_name":"Voyages d&#039;affaires","article_published_time":"2024-11-08T14:53:06+00:00","article_modified_time":"2025-04-07T09:25:20+00:00","og_image":[{"width":700,"height":525,"url":"https:\/\/www.voyages-d-affaires.com\/wp-content\/uploads\/2024\/11\/brest-strasbourg.jpg","type":"image\/jpeg"}],"author":"Florian Guillemin","twitter_card":"summary_large_image","twitter_misc":{"Written by":"Florian Guillemin","Estimated reading time":"4 minutes"},"schema":{"@context":"https:\/\/schema.org","@graph":[{"@type":"Article","@id":"https:\/\/www.voyages-d-affaires.com\/brest-volotea-easyjet-nice#article","isPartOf":{"@id":"https:\/\/www.voyages-d-affaires.com\/brest-volotea-easyjet-nice"},"author":{"name":"Florian Guillemin","@id":"https:\/\/www.voyages-d-affaires.com\/#\/schema\/person\/21d3288dfdda735a7c37eb00030560b7"},"headline":"Volotea accompagne Brest sur la route de l&rsquo;Europe, comme easyJet \u00e0 Nice","datePublished":"2024-11-08T14:53:06+00:00","dateModified":"2025-04-07T09:25:20+00:00","mainEntityOfPage":{"@id":"https:\/\/www.voyages-d-affaires.com\/brest-volotea-easyjet-nice"},"wordCount":668,"image":{"@id":"https:\/\/www.voyages-d-affaires.com\/brest-volotea-easyjet-nice#primaryimage"},"thumbnailUrl":"https:\/\/www.voyages-d-affaires.com\/wp-content\/uploads\/2024\/11\/brest-strasbourg.jpg","keywords":["Europe","compagnies a\u00e9riennes","Easyjet","France","low-cost","Strasbourg"],"articleSection":["A\u00e9rien"],"inLanguage":"en-GB"},{"@type":"WebPage","@id":"https:\/\/www.voyages-d-affaires.com\/brest-volotea-easyjet-nice","url":"https:\/\/www.voyages-d-affaires.com\/brest-volotea-easyjet-nice","name":"Volotea gains altitude in Brest, like easyJet in Nice","isPartOf":{"@id":"https:\/\/www.voyages-d-affaires.com\/#website"},"primaryImageOfPage":{"@id":"https:\/\/www.voyages-d-affaires.com\/brest-volotea-easyjet-nice#primaryimage"},"image":{"@id":"https:\/\/www.voyages-d-affaires.com\/brest-volotea-easyjet-nice#primaryimage"},"thumbnailUrl":"https:\/\/www.voyages-d-affaires.com\/wp-content\/uploads\/2024\/11\/brest-strasbourg.jpg","datePublished":"2024-11-08T14:53:06+00:00","dateModified":"2025-04-07T09:25:20+00:00","author":{"@id":"https:\/\/www.voyages-d-affaires.com\/#\/schema\/person\/21d3288dfdda735a7c37eb00030560b7"},"description":"Volotea is building on the success of its Brest base by strengthening its French and European catalogue. In Nice, easyJet is unveiling a new destination.","breadcrumb":{"@id":"https:\/\/www.voyages-d-affaires.com\/brest-volotea-easyjet-nice#breadcrumb"},"inLanguage":"en-GB","potentialAction":[{"@type":"ReadAction","target":["https:\/\/www.voyages-d-affaires.com\/brest-volotea-easyjet-nice"]}]},{"@type":"ImageObject","inLanguage":"en-GB","@id":"https:\/\/www.voyages-d-affaires.com\/brest-volotea-easyjet-nice#primaryimage","url":"https:\/\/www.voyages-d-affaires.com\/wp-content\/uploads\/2024\/11\/brest-strasbourg.jpg","contentUrl":"https:\/\/www.voyages-d-affaires.com\/wp-content\/uploads\/2024\/11\/brest-strasbourg.jpg","width":700,"height":525,"caption":"Volotea vient d'inaugurer deux vols au d\u00e9part de l'a\u00e9roport de Brest"},{"@type":"BreadcrumbList","@id":"https:\/\/www.voyages-d-affaires.com\/brest-volotea-easyjet-nice#breadcrumb","itemListElement":[{"@type":"ListItem","position":1,"name":"Accueil","item":"https:\/\/www.voyages-d-affaires.com\/"},{"@type":"ListItem","position":2,"name":"Volotea accompagne Brest sur la route de l&rsquo;Europe, comme easyJet \u00e0 Nice"}]},{"@type":"WebSite","@id":"https:\/\/www.voyages-d-affaires.com\/#website","url":"https:\/\/www.voyages-d-affaires.com\/","name":"Business travel","description":"THE FRENCH BUSINESS TRAVEL &amp; MICE MEDIA","potentialAction":[{"@type":"SearchAction","target":{"@type":"EntryPoint","urlTemplate":"https:\/\/www.voyages-d-affaires.com\/?s={search_term_string}"},"query-input":{"@type":"PropertyValueSpecification","valueRequired":true,"valueName":"search_term_string"}}],"inLanguage":"en-GB"},{"@type":"Person","@id":"https:\/\/www.voyages-d-affaires.com\/#\/schema\/person\/21d3288dfdda735a7c37eb00030560b7","name":"Florian Guillemin","url":"https:\/\/www.voyages-d-affaires.com\/en\/author\/florian"}]}},"_links":{"self":[{"href":"https:\/\/www.voyages-d-affaires.com\/en\/wp-json\/wp\/v2\/posts\/184851","targetHints":{"allow":["GET"]}}],"collection":[{"href":"https:\/\/www.voyages-d-affaires.com\/en\/wp-json\/wp\/v2\/posts"}],"about":[{"href":"https:\/\/www.voyages-d-affaires.com\/en\/wp-json\/wp\/v2\/types\/post"}],"author":[{"embeddable":true,"href":"https:\/\/www.voyages-d-affaires.com\/en\/wp-json\/wp\/v2\/users\/17"}],"replies":[{"embeddable":true,"href":"https:\/\/www.voyages-d-affaires.com\/en\/wp-json\/wp\/v2\/comments?post=184851"}],"version-history":[{"count":13,"href":"https:\/\/www.voyages-d-affaires.com\/en\/wp-json\/wp\/v2\/posts\/184851\/revisions"}],"predecessor-version":[{"id":196789,"href":"https:\/\/www.voyages-d-affaires.com\/en\/wp-json\/wp\/v2\/posts\/184851\/revisions\/196789"}],"wp:featuredmedia":[{"embeddable":true,"href":"https:\/\/www.voyages-d-affaires.com\/en\/wp-json\/wp\/v2\/media\/184869"}],"wp:attachment":[{"href":"https:\/\/www.voyages-d-affaires.com\/en\/wp-json\/wp\/v2\/media?parent=184851"}],"wp:term":[{"taxonomy":"category","embeddable":true,"href":"https:\/\/www.voyages-d-affaires.com\/en\/wp-json\/wp\/v2\/categories?post=184851"},{"taxonomy":"post_tag","embeddable":true,"href":"https:\/\/www.voyages-d-affaires.com\/en\/wp-json\/wp\/v2\/tags?post=184851"},{"taxonomy":"type-darticle","embeddable":true,"href":"https:\/\/www.voyages-d-affaires.com\/en\/wp-json\/wp\/v2\/type-darticle?post=184851"},{"taxonomy":"n_magazine","embeddable":true,"href":"https:\/\/www.voyages-d-affaires.com\/en\/wp-json\/wp\/v2\/n_magazine?post=184851"}],"curies":[{"name":"wp","href":"https:\/\/api.w.org\/{rel}","templated":true}]}}