{"id":214011,"date":"2026-01-05T10:24:32","date_gmt":"2026-01-05T09:24:32","guid":{"rendered":"https:\/\/www.voyages-d-affaires.com\/?p=214011"},"modified":"2026-02-02T10:35:59","modified_gmt":"2026-02-02T09:35:59","slug":"hotel-openings-paris-idf-2026","status":"publish","type":"post","link":"https:\/\/www.voyages-d-affaires.com\/en\/hotel-openings-paris-idf-2026","title":{"rendered":"Hotel openings in Paris and the Ile-de-France region in 2026"},"content":{"rendered":"<p><em>Updated on 2\/02 at 10:30 a.m.<\/em><\/p>\n\n\n\n<h2 class=\"wp-block-heading\" id=\"h-paris\">Paris<\/h2>\n\n\n\n<h3 class=\"wp-block-heading\" id=\"h-banke-opera-paris-a-radisson-collection-hotel-automne\">Banke Op\u00e9ra Paris, A Radisson Collection Hotel (autumn)<\/h3>\n\n\n\n<figure class=\"wp-block-image size-full\"><img loading=\"lazy\" decoding=\"async\" width=\"650\" height=\"516\" src=\"https:\/\/www.voyages-d-affaires.com\/wp-content\/uploads\/2026\/01\/banke-opera-paris-radisson-collection.jpg\" alt=\"Banke Op\u00e9ra Paris, A Radisson Collection Hotel (autumn 2026)\" class=\"wp-image-214017\" srcset=\"https:\/\/www.voyages-d-affaires.com\/wp-content\/uploads\/2026\/01\/banke-opera-paris-radisson-collection.jpg 650w, https:\/\/www.voyages-d-affaires.com\/wp-content\/uploads\/2026\/01\/banke-opera-paris-radisson-collection-300x238-derived.jpg 300w, https:\/\/www.voyages-d-affaires.com\/wp-content\/uploads\/2026\/01\/banke-opera-paris-radisson-collection-15x12-derived.jpg 15w\" sizes=\"auto, (max-width: 650px) 100vw, 650px\" \/><\/figure>\n\n\n\n<p>While continuing with his installation project<a href=\"https:\/\/www.voyages-d-affaires.com\/en\/radisson-collection-paris-rivoli\/\"> rue de Rivoli<\/a>The Radisson Collection brand will be opening its first hotel in Paris this year, a stone's throw from the Opera and Galeries Lafayette. And it's all thanks to a choice acquisition: the Banke Op\u00e9ra. This five-star hotel opened in 2009 within the walls of a former bank established in 1907 on Rue Lafayette. Its new owner, the family office of Zara founder Amancio Ortega, has entrusted the Radisson Group with the task of rethinking this 90-room establishment, which will be rebranded under the Radisson Collection banner following a complete renovation. Among the changes expected, the event space formerly housed in the former vault will be moved to make way for the wellness area, with the MICE offering located elsewhere in the hotel. A new era for this Belle Epoque building.<\/p>\n\n\n\n<h3 class=\"wp-block-heading\" id=\"h-bus-palladium-debut-2026\">Bus Palladium (early 2026)<\/h3>\n\n\n<div class=\"wp-block-image\">\n<figure class=\"alignleft size-full is-resized\"><img loading=\"lazy\" decoding=\"async\" width=\"650\" height=\"532\" src=\"https:\/\/www.voyages-d-affaires.com\/wp-content\/uploads\/2026\/01\/bus-palladium.jpg\" alt=\"Bus Palladium (early 2026)\" class=\"wp-image-214019\" style=\"width:244px;height:auto\" srcset=\"https:\/\/www.voyages-d-affaires.com\/wp-content\/uploads\/2026\/01\/bus-palladium.jpg 650w, https:\/\/www.voyages-d-affaires.com\/wp-content\/uploads\/2026\/01\/bus-palladium-300x246-derived.jpg 300w, https:\/\/www.voyages-d-affaires.com\/wp-content\/uploads\/2026\/01\/bus-palladium-15x12-derived.jpg 15w\" sizes=\"auto, (max-width: 650px) 100vw, 650px\" \/><\/figure><\/div>\n\n\n<p>The Bus Palladium, one of the hottest nightspots on the Paris nightlife scene, is about to embark on a new era of hospitality. Closed for renovation since 2022, this iconic Pigalle venue will be joined by a five-star boutique hotel with an avant-garde feel. Designed by the KO studio, it will play on a raw, radical atmosphere - with cork walls and bare ceilings - and the hedonistic, sensual ambience of the 60s. The result will be 35 rooms and suites, including the 80 m\u00b2 \"Magic Rock\", which will be able to accommodate artists performing on the Bus Palladium stage.<\/p>\n\n\n\n<h3 class=\"wp-block-heading\" id=\"h-hotel-raphael-courant-2026\">Hotel Raphael (during 2026)<\/h3>\n\n\n\n<figure class=\"wp-block-image size-full\"><img loading=\"lazy\" decoding=\"async\" width=\"650\" height=\"433\" src=\"https:\/\/www.voyages-d-affaires.com\/wp-content\/uploads\/2026\/01\/hotel-raphael.jpg\" alt=\"Hotel Raphael (during 2026)\" class=\"wp-image-214021\" srcset=\"https:\/\/www.voyages-d-affaires.com\/wp-content\/uploads\/2026\/01\/hotel-raphael.jpg 650w, https:\/\/www.voyages-d-affaires.com\/wp-content\/uploads\/2026\/01\/hotel-raphael-300x200-derived.jpg 300w, https:\/\/www.voyages-d-affaires.com\/wp-content\/uploads\/2026\/01\/hotel-raphael-18x12-derived.jpg 18w\" sizes=\"auto, (max-width: 650px) 100vw, 650px\" \/><\/figure>\n\n\n\n<p>Anything but a novelty, this is a rebirth for the regulars of this chic Parisian landmark, which has just celebrated its centenary. Movie stars and visiting celebrities: this showcase of French savoir faire, run by the Baverez family for four generations, is as famous for its English bar - frequented by Serge Gainsbourg in his day - as it is for the elegance of its rooms and its rooftop, one of the most prestigious in the capital. Closed for renovation since the end of 2024 to refurbish its 85 rooms and suites, the Rapha\u00ebl will be welcoming back its first guests later this year, and its six private lounges are also ideal for special events.<\/p>\n\n\n\n<h3 class=\"wp-block-heading\" id=\"h-hotel-california-paris-automne\">Hotel California Paris (autumn)<\/h3>\n\n\n\n<figure class=\"wp-block-image size-full\"><img loading=\"lazy\" decoding=\"async\" width=\"650\" height=\"493\" src=\"https:\/\/www.voyages-d-affaires.com\/wp-content\/uploads\/2026\/01\/hotel-california.jpg\" alt=\"Hotel California Paris (autumn 2026)\" class=\"wp-image-214023\" srcset=\"https:\/\/www.voyages-d-affaires.com\/wp-content\/uploads\/2026\/01\/hotel-california.jpg 650w, https:\/\/www.voyages-d-affaires.com\/wp-content\/uploads\/2026\/01\/hotel-california-300x228-derived.jpg 300w, https:\/\/www.voyages-d-affaires.com\/wp-content\/uploads\/2026\/01\/hotel-california-16x12-derived.jpg 16w, https:\/\/www.voyages-d-affaires.com\/wp-content\/uploads\/2026\/01\/hotel-california-80x60-derived.jpg 80w\" sizes=\"auto, (max-width: 650px) 100vw, 650px\" \/><\/figure>\n\n\n\n<p>There's nothing new here either. Like the Rapha\u00ebl, the Hotel California is over a hundred years old, both having opened in 1925 close to the Champs-\u00c9lys\u00e9es. This emblematic hotel, a member of the Preferred Hotels Lifestyle Collection, is also undergoing a complete renovation. Under the direction of interior designer Jean-Philippe Nuel, its 188 rooms, including nine junior suites, are being modernised while preserving their elegance. When it reopens, the hotel will feature a bistro-style restaurant, a chic cocktail bar and a lush courtyard.<\/p>\n\n\n\n<h3 class=\"wp-block-heading\" id=\"h-campanile-prime-paris-porte-d-italie-debut-d-annee\">Campanile PRIME - Paris Porte d'Italie (start of year)<\/h3>\n\n\n<div class=\"wp-block-image\">\n<figure class=\"alignright size-full is-resized\"><img loading=\"lazy\" decoding=\"async\" width=\"650\" height=\"411\" src=\"https:\/\/www.voyages-d-affaires.com\/wp-content\/uploads\/2026\/01\/campanile-prime-paris-italie.jpg\" alt=\"Campanile PRIME - Paris Porte d&#039;Italie (start of year)\" class=\"wp-image-214025\" style=\"width:327px;height:auto\" srcset=\"https:\/\/www.voyages-d-affaires.com\/wp-content\/uploads\/2026\/01\/campanile-prime-paris-italie.jpg 650w, https:\/\/www.voyages-d-affaires.com\/wp-content\/uploads\/2026\/01\/campanile-prime-paris-italie-300x190-derived.jpg 300w, https:\/\/www.voyages-d-affaires.com\/wp-content\/uploads\/2026\/01\/campanile-prime-paris-italie-18x12-derived.jpg 18w\" sizes=\"auto, (max-width: 650px) 100vw, 650px\" \/><\/figure><\/div>\n\n\n<p>Admittedly, the renovation of the Campanile Porte d'Italie does not have the same aura as those of the Rapha\u00ebl or the California. But it is no less important, both for the Louvre Hotels group and for this budget brand. <a href=\"https:\/\/www.voyages-d-affaires.com\/en\/campanile-renouveau-louvre-hotels\/\">undergoing a rejuvenation cure<\/a>. Since the last days of 2025, guests have been able to enjoy a brand new hotel, built around the new Campanile PRIME urban hotel concept. With its contemporary design, lounge bar in the lobby, all-you-can-eat buffet restaurant and other modern features, the 155-room Campanile PRIME - Paris Porte d'Italie at Kremlin-Bic\u00eatre embodies a new generation of Campanile hotels emerging across France.<\/p>\n\n\n\n<h3 class=\"wp-block-heading\" id=\"h-hotel-la-bourdonnais-printemps\">H\u00f4tel La Bourdonnais (spring)<\/h3>\n\n\n\n<figure class=\"wp-block-image size-full\"><img loading=\"lazy\" decoding=\"async\" width=\"650\" height=\"427\" src=\"https:\/\/www.voyages-d-affaires.com\/wp-content\/uploads\/2026\/01\/la-bourdonnais-hd-24.jpg\" alt=\"H\u00f4tel La Bourdonnais (spring)\" class=\"wp-image-214215\" srcset=\"https:\/\/www.voyages-d-affaires.com\/wp-content\/uploads\/2026\/01\/la-bourdonnais-hd-24.jpg 650w, https:\/\/www.voyages-d-affaires.com\/wp-content\/uploads\/2026\/01\/la-bourdonnais-hd-24-300x197-derived.jpg 300w, https:\/\/www.voyages-d-affaires.com\/wp-content\/uploads\/2026\/01\/la-bourdonnais-hd-24-18x12-derived.jpg 18w\" sizes=\"auto, (max-width: 650px) 100vw, 650px\" \/><\/figure>\n\n\n\n<p>Closed for renovations, this boutique hotel near the Champ-de-Mars in the 7th arrondissement will reopen in March with a new d\u00e9cor by Oscar Lucien Ono. The founder of the Maison Num\u00e9ro 20 studio, who has already worked on the rejuvenation of other establishments in the Inwood Hotels group, such as Le Soleia in Nice, was inspired by the explorer who gave the hotel its name, Mah\u00e9 de La Bourdonnais, to give the hotel a traveller's spirit, combining a taste for elsewhere with French elegance. While guests will be able to enjoy this contemporary setting in the 53 rooms and suites, some of which have views of the Eiffel Tower, the hotel's intimate bar, which has been completely redesigned, and the seminar room, will not be accessible until next April.<\/p>\n\n\n\n<h3 class=\"wp-block-heading\" id=\"h-alfred-hotels-printemps\">Alfred Hotels (spring)<\/h3>\n\n\n<div class=\"wp-block-image\">\n<figure class=\"alignleft size-full is-resized\"><img loading=\"lazy\" decoding=\"async\" width=\"650\" height=\"812\" src=\"https:\/\/www.voyages-d-affaires.com\/wp-content\/uploads\/2026\/01\/alfred-hotels-75-08.jpg\" alt=\"Alfred Hotels (spring)\" class=\"wp-image-214027\" style=\"width:256px;height:auto\" srcset=\"https:\/\/www.voyages-d-affaires.com\/wp-content\/uploads\/2026\/01\/alfred-hotels-75-08.jpg 650w, https:\/\/www.voyages-d-affaires.com\/wp-content\/uploads\/2026\/01\/alfred-hotels-75-08-240x300-derived.jpg 240w, https:\/\/www.voyages-d-affaires.com\/wp-content\/uploads\/2026\/01\/alfred-hotels-75-08-10x12-derived.jpg 10w\" sizes=\"auto, (max-width: 650px) 100vw, 650px\" \/><\/figure><\/div>\n\n\n<p>In just three years, Alfred Hotels already has more than half a dozen mid-range establishments in France. Backed by the management company Braxton and Comptoir Immobilier, its model is based on the acquisition of establishments to be renovated and repositioned, previously in Compi\u00e8gne, Biarritz, Beaune and Toulouse. From next spring, the group will be making its appearance in the capital, a stone's throw from the Gare du Nord, in the former H\u00f4tel de Maubeuge, a 29-room establishment that has been restructured while retaining the Hausmannian identity of the site. Alfred Hotels has also recently acquired the hotel Les Jardins de la Villa, in the 17th arrondissement of Paris.<sup>e<\/sup> The 33-room hotel is located near the Palais des Congr\u00e8s. After a renovation phase due for completion at the end of 2026, this establishment is set to become the group's first four-star hotel. In parallel, from next May, the group will also be offering a hotel on the outskirts of Paris, in Montreuil, spreading a Brooklyn spirit through its 79 rooms and rooftop restaurant, the hotel also having two meeting rooms.<\/p>\n\n\n\n<h3 class=\"wp-block-heading\" id=\"h-edgar-suites-jules-ferry-printemps\">Edgar Suites Jules Ferry (spring)<\/h3>\n\n\n<div class=\"wp-block-image\">\n<figure class=\"alignleft size-full is-resized\"><img loading=\"lazy\" decoding=\"async\" width=\"650\" height=\"488\" src=\"https:\/\/www.voyages-d-affaires.com\/wp-content\/uploads\/2026\/01\/edgar-suites-hameau.jpg\" alt=\"Edgar Suites Jules Ferry (spring)\" class=\"wp-image-214217\" style=\"width:253px;height:auto\" srcset=\"https:\/\/www.voyages-d-affaires.com\/wp-content\/uploads\/2026\/01\/edgar-suites-hameau.jpg 650w, https:\/\/www.voyages-d-affaires.com\/wp-content\/uploads\/2026\/01\/edgar-suites-hameau-300x225-derived.jpg 300w, https:\/\/www.voyages-d-affaires.com\/wp-content\/uploads\/2026\/01\/edgar-suites-hameau-16x12-derived.jpg 16w, https:\/\/www.voyages-d-affaires.com\/wp-content\/uploads\/2026\/01\/edgar-suites-hameau-80x60-derived.jpg 80w, https:\/\/www.voyages-d-affaires.com\/wp-content\/uploads\/2026\/01\/edgar-suites-hameau-265x198-derived.jpg 265w\" sizes=\"auto, (max-width: 650px) 100vw, 650px\" \/><\/figure><\/div>\n\n\n<p>Edgar Suites is continuing to expand in the Paris region. After adding four establishments last year - three in the capital and another in Levallois - this specialist in long-stay accommodation, which focuses on transforming hotels or office buildings into top-of-the-range aparthotels, is renovating a former youth hostel in the 11th arrondissement of Paris.<sup>e<\/sup> arrondissement, boulevard Jules Ferry, to turn it into a residence with 12 flats, the equivalent of 30 hotel rooms.<\/p>\n\n\n\n<h3 class=\"wp-block-heading\">Boulevard de la Bastille hotel (during the year)<\/h3>\n\n\n<div class=\"wp-block-image\">\n<figure class=\"alignright size-full is-resized\"><img loading=\"lazy\" decoding=\"async\" width=\"650\" height=\"656\" src=\"https:\/\/www.voyages-d-affaires.com\/wp-content\/uploads\/2026\/01\/hotel-bastille.jpg\" alt=\"Hotel Boulevard de la Bastille\" class=\"wp-image-214029\" style=\"width:238px;height:auto\" srcset=\"https:\/\/www.voyages-d-affaires.com\/wp-content\/uploads\/2026\/01\/hotel-bastille.jpg 650w, https:\/\/www.voyages-d-affaires.com\/wp-content\/uploads\/2026\/01\/hotel-bastille-297x300-derived.jpg 297w, https:\/\/www.voyages-d-affaires.com\/wp-content\/uploads\/2026\/01\/hotel-bastille-150x150-derived.jpg 150w, https:\/\/www.voyages-d-affaires.com\/wp-content\/uploads\/2026\/01\/hotel-bastille-12x12-derived.jpg 12w\" sizes=\"auto, (max-width: 650px) 100vw, 650px\" \/><\/figure><\/div>\n\n\n<p>Reinventing old offices: the formula is paying off more than ever for the hotel industry. With this idea of designing a new future for property complexes, the management company Kerria has embarked on the transformation of an office building ideally located at 44 boulevard de la Bastille, opposite the Bassin de l'Arsenal. The building has been converted into a 96-room smart hotel designed by the Briand &amp; Berthereau studio and crowned by a rooftop.<\/p>\n\n\n\n<h3 class=\"wp-block-heading\" id=\"h-hotel-archereau-courant-de-l-annee\">H\u00f4tel Archereau (during the year)<\/h3>\n\n\n<div class=\"wp-block-image\">\n<figure class=\"alignleft size-full is-resized\"><img loading=\"lazy\" decoding=\"async\" width=\"650\" height=\"804\" src=\"https:\/\/www.voyages-d-affaires.com\/wp-content\/uploads\/2026\/01\/archereau-terlia.jpeg\" alt=\"H\u00f4tel Archereau (during the year)\" class=\"wp-image-214031\" style=\"width:238px;height:auto\" srcset=\"https:\/\/www.voyages-d-affaires.com\/wp-content\/uploads\/2026\/01\/archereau-terlia.jpeg 650w, https:\/\/www.voyages-d-affaires.com\/wp-content\/uploads\/2026\/01\/archereau-terlia-243x300-derived.jpeg 243w, https:\/\/www.voyages-d-affaires.com\/wp-content\/uploads\/2026\/01\/archereau-terlia-10x12-derived.jpeg 10w\" sizes=\"auto, (max-width: 650px) 100vw, 650px\" \/><\/figure><\/div>\n\n\n<p>Transforming a former car park into a hotel: the Galia and Terlia Hospitality groups have already proved their worth in this area, with the opening in 2025 of<a href=\"https:\/\/www.voyages-d-affaires.com\/en\/hybrid-excellence-foundation\/\"> The Foundation<\/a>a contemporary five-star hotel in the 17th arrondissement<sup>e<\/sup> arrondissement. The same cornerstone, the same conversion of a car park this year, in a less luxurious and more hybrid style, with a new hotel in the 19th arrondissement.<sup>e<\/sup> arrondissement, at 42, rue Archereau. Located in the Villette district, close to the Canal de l'Ourcq, the establishment will offer 80 single rooms of 12 m\u00b2 and 20 dormitories of 35 to 40 m\u00b2, accommodating up to 8 people. A new base for young professionals in body or mind, it will feature a restaurant, a rooftop bar with plants, as well as workspaces and an amphitheatre that can be used for private events.<\/p>\n\n\n\n<h3 class=\"wp-block-heading\" id=\"h-vintimille-highstay-maisons-debut-2026\">Ventimiglia - Highstay Maisons (early 2026)<\/h3>\n\n\n<div class=\"wp-block-image\">\n<figure class=\"alignright size-full is-resized\"><img loading=\"lazy\" decoding=\"async\" width=\"650\" height=\"434\" src=\"https:\/\/www.voyages-d-affaires.com\/wp-content\/uploads\/2026\/01\/vintimille-suite.jpg\" alt=\"Ventimiglia - Highstay Maisons (early 2026)\" class=\"wp-image-214033\" style=\"width:289px;height:auto\" srcset=\"https:\/\/www.voyages-d-affaires.com\/wp-content\/uploads\/2026\/01\/vintimille-suite.jpg 650w, https:\/\/www.voyages-d-affaires.com\/wp-content\/uploads\/2026\/01\/vintimille-suite-300x200-derived.jpg 300w, https:\/\/www.voyages-d-affaires.com\/wp-content\/uploads\/2026\/01\/vintimille-suite-18x12-derived.jpg 18w\" sizes=\"auto, (max-width: 650px) 100vw, 650px\" \/><\/figure><\/div>\n\n\n<p>Founded in 2020, the Highstay group has since been spreading a certain idea of Parisian chic, somewhere between a luxury hotel and a private residence, with flats for privacy accompanied by the personalised services of a top-of-the-range hotel. Following on from La Bo\u00e9tie and Pyramides, the Highstay Maisons collection has added a third address at the start of this year near Montmartre, in the Nouvelle Ath\u00e8nes district, comprising 13 flats decorated by Studio Chlo\u00e9 N\u00e8gre.<\/p>\n\n\n\n<aside class=\"wp-block-varenne-link-block\"><p><a href=\"https:\/\/www.voyages-d-affaires.com\/en\/new-hotels-france-2026\/\" data-id=\"214071\">New hotels expected in France in 2026<\/a><\/p><\/aside>\n\n\n\n<h2 class=\"wp-block-heading\" id=\"h-ile-de-france\">Ile-de-France<\/h2>\n\n\n\n<h3 class=\"wp-block-heading\" id=\"h-radisson-blu-paris-roissy-cdg-airport-debut-d-annee\">Radisson Blu Paris Roissy CDG Airport (beginning of year)<\/h3>\n\n\n\n<figure class=\"wp-block-image size-full\"><img loading=\"lazy\" decoding=\"async\" width=\"650\" height=\"443\" src=\"https:\/\/www.voyages-d-affaires.com\/wp-content\/uploads\/2026\/01\/radisson-blu-paris-cdg.jpg\" alt=\"Radisson Blu Paris Roissy CDG Airport (beginning of year)\" class=\"wp-image-214035\" srcset=\"https:\/\/www.voyages-d-affaires.com\/wp-content\/uploads\/2026\/01\/radisson-blu-paris-cdg.jpg 650w, https:\/\/www.voyages-d-affaires.com\/wp-content\/uploads\/2026\/01\/radisson-blu-paris-cdg-300x204-derived.jpg 300w, https:\/\/www.voyages-d-affaires.com\/wp-content\/uploads\/2026\/01\/radisson-blu-paris-cdg-18x12-derived.jpg 18w, https:\/\/www.voyages-d-affaires.com\/wp-content\/uploads\/2026\/01\/radisson-blu-paris-cdg-218x150-derived.jpg 218w\" sizes=\"auto, (max-width: 650px) 100vw, 650px\" \/><\/figure>\n\n\n\n<p>The Radisson Blu brand landed at Paris CDG airport on 1 January.<sup>er<\/sup> January this year. The premium brand has taken over from Pullman, another brand well known to business travellers, at the helm of a hotel with 305 rooms and suites ideally located at the exit of the RER and CDGVal and opposite the current terminal 3. Owned by <a href=\"https:\/\/www.voyages-d-affaires.com\/en\/radisson-openings-cles-france\/\">Covivio<\/a>The hotel, which opened in 2015, is changing hands while awaiting modernisation, with the renovation of the lobby and restaurant-bar scheduled for this year. The renovation will not take away any of the hotel's assets for travellers, such as an indoor swimming pool and a 1,500 m\u00b2 MICE area for business events.<\/p>\n\n\n\n<h3 class=\"wp-block-heading\" id=\"h-doubletree-by-hilton-paris-boulogne-debut-d-annee\">DoubleTree by Hilton Paris Boulogne (beginning of year)<\/h3>\n\n\n\n<figure class=\"wp-block-image size-full\"><img loading=\"lazy\" decoding=\"async\" width=\"650\" height=\"434\" src=\"https:\/\/www.voyages-d-affaires.com\/wp-content\/uploads\/2026\/01\/doubletree-by-hilton-boulogne.jpg\" alt=\"DoubleTree by Hilton Paris Boulogne (beginning of year)\" class=\"wp-image-214037\" srcset=\"https:\/\/www.voyages-d-affaires.com\/wp-content\/uploads\/2026\/01\/doubletree-by-hilton-boulogne.jpg 650w, https:\/\/www.voyages-d-affaires.com\/wp-content\/uploads\/2026\/01\/doubletree-by-hilton-boulogne-300x200-derived.jpg 300w, https:\/\/www.voyages-d-affaires.com\/wp-content\/uploads\/2026\/01\/doubletree-by-hilton-boulogne-18x12-derived.jpg 18w\" sizes=\"auto, (max-width: 650px) 100vw, 650px\" \/><\/figure>\n\n\n\n<p>The Radisson group is also set to lose a number of properties in the Paris region. The Radisson Blu Paris Boulogne will become the DoubleTree by Hilton Paris Boulogne, as part of a partnership with Schroders Capital. Located on avenue Edouard Vaillant, close to the Roland-Garros stadium and the Parc des Princes, as well as a number of company headquarters, and not far from the Porte de Saint-Cloud metro station, the hotel offers 170 rooms and suites, a restaurant with terrace, and six meeting rooms.<\/p>\n\n\n\n<h3 class=\"wp-block-heading\" id=\"h-crowne-plaza-paris-marne-la-vallee-second-semestre\">Crowne Plaza Paris - Marne-la-Vall\u00e9e (second half)<\/h3>\n\n\n<div class=\"wp-block-image\">\n<figure class=\"alignleft size-full is-resized\"><img loading=\"lazy\" decoding=\"async\" width=\"650\" height=\"366\" src=\"https:\/\/www.voyages-d-affaires.com\/wp-content\/uploads\/2026\/01\/crowne-plaza-disneyland-paris.jpg\" alt=\"Crowne Plaza Paris - Marne-la-Vall\u00e9e (second half)\" class=\"wp-image-214039\" style=\"width:269px;height:auto\" srcset=\"https:\/\/www.voyages-d-affaires.com\/wp-content\/uploads\/2026\/01\/crowne-plaza-disneyland-paris.jpg 650w, https:\/\/www.voyages-d-affaires.com\/wp-content\/uploads\/2026\/01\/crowne-plaza-disneyland-paris-300x169-derived.jpg 300w, https:\/\/www.voyages-d-affaires.com\/wp-content\/uploads\/2026\/01\/crowne-plaza-disneyland-paris-18x10-derived.jpg 18w\" sizes=\"auto, (max-width: 650px) 100vw, 650px\" \/><\/figure><\/div>\n\n\n<p>Another transfer of power is underway around the capital, with the former Radisson Blu in Marne-la-Vall\u00e9e set to take on a new role. <a href=\"https:\/\/www.voyages-d-affaires.com\/en\/crowne-plaza-disneyland-paris\/\">a new lease of life<\/a> under the Crowne Plaza banner, part of the IHG group. A transitional phase has resulted in the closure for renovation of the hotel close to Disneyland Paris. The new Crowne Plaza Paris - Marne-la-Vall\u00e9e is ideal for family holidays, with indoor and outdoor swimming pools, and will also be a great venue for conferences and events. In addition to 250 rooms, the hotel will feature a 1,200 m\u00b2 MICE area with 32 modular meeting rooms, including a ballroom.<\/p>\n\n\n\n<h3 class=\"wp-block-heading\" id=\"h-mercure-paris-boulogne-pont-de-saint-cloud-debut-d-annee\">Mercure Paris Boulogne Pont de Saint-Cloud (start of year)<\/h3>\n\n\n<div class=\"wp-block-image\">\n<figure class=\"alignright size-full is-resized\"><img loading=\"lazy\" decoding=\"async\" width=\"650\" height=\"488\" src=\"https:\/\/www.voyages-d-affaires.com\/wp-content\/uploads\/2026\/01\/mercure-paris-boulogne.jpg\" alt=\"Mercure Paris Boulogne Pont de Saint-Cloud (start of year)\" class=\"wp-image-214041\" style=\"width:301px;height:auto\" srcset=\"https:\/\/www.voyages-d-affaires.com\/wp-content\/uploads\/2026\/01\/mercure-paris-boulogne.jpg 650w, https:\/\/www.voyages-d-affaires.com\/wp-content\/uploads\/2026\/01\/mercure-paris-boulogne-300x225-derived.jpg 300w, https:\/\/www.voyages-d-affaires.com\/wp-content\/uploads\/2026\/01\/mercure-paris-boulogne-16x12-derived.jpg 16w, https:\/\/www.voyages-d-affaires.com\/wp-content\/uploads\/2026\/01\/mercure-paris-boulogne-80x60-derived.jpg 80w, https:\/\/www.voyages-d-affaires.com\/wp-content\/uploads\/2026\/01\/mercure-paris-boulogne-265x198-derived.jpg 265w\" sizes=\"auto, (max-width: 650px) 100vw, 650px\" \/><\/figure><\/div>\n\n\n<p>The Paris Boulogne hotel will be rebranded under the Accor group's Mercure banner at the beginning of the year, following a renovation phase. Located just a stone's throw from Roland-Garros, the Parc des Princes and La Seine Musicale, and 15 minutes from La D\u00e9fense and Porte de Versailles, this four-star hotel will combine a new contemporary design with top-of-the-range comfort for its 75 rooms. The hotel will also feature three brightly lit seminar rooms, while offering a restful break for business travellers with its lounge and terrace. This year, the Mercure brand will be adding other addresses in the Paris region, including Melun and Villejuif.<\/p>\n\n\n\n<h3 class=\"wp-block-heading\" id=\"h-hampton-by-hilton-paris-saint-ouen-automne\">Hampton by Hilton Paris Saint-Ouen (autumn)<\/h3>\n\n\n\n<figure class=\"wp-block-image size-full\"><img loading=\"lazy\" decoding=\"async\" width=\"650\" height=\"440\" src=\"https:\/\/www.voyages-d-affaires.com\/wp-content\/uploads\/2026\/01\/hampton-saint-ouen.jpg\" alt=\"Hampton by Hilton Paris Saint-Ouen (autumn)\" class=\"wp-image-214043\" srcset=\"https:\/\/www.voyages-d-affaires.com\/wp-content\/uploads\/2026\/01\/hampton-saint-ouen.jpg 650w, https:\/\/www.voyages-d-affaires.com\/wp-content\/uploads\/2026\/01\/hampton-saint-ouen-300x203-derived.jpg 300w, https:\/\/www.voyages-d-affaires.com\/wp-content\/uploads\/2026\/01\/hampton-saint-ouen-18x12-derived.jpg 18w\" sizes=\"auto, (max-width: 650px) 100vw, 650px\" \/><\/figure>\n\n\n\n<p>Urban renewal projects are continuing in Saint-Ouen. In place of a dilapidated hotel along Boulevard Victor Hugo, which will be demolished in 2024, a new four-star 137-room hotel will enhance the hotel offering in Seine-Saint-Denis and add a new address for the Hilton group in the Paris region. Located in the immediate vicinity of the future Grand Paris Nord university hospital campus, which will bring together the activities of the Bichat and Beaujon hospitals by 2030, the Hampton by Hilton Paris Saint-Ouen will be able to accommodate patients and accompanying persons as well as medical staff. However, thanks to its proximity to line 14 and RER line C, which is just a stone's throw away, it is also targeting business customers, in particular with its meeting space and restaurant. This entirely low-carbon project, managed by Bouygues subsidiary LinkCity, is part of a neighbourhood undergoing major changes in Greater Paris.<\/p>\n\n\n\n<h3 class=\"wp-block-heading\" id=\"h-tribe-suresnes-printemps\">Tribe Suresnes (spring)<\/h3>\n\n\n\n<figure class=\"wp-block-image size-full\"><img loading=\"lazy\" decoding=\"async\" width=\"650\" height=\"488\" src=\"https:\/\/www.voyages-d-affaires.com\/wp-content\/uploads\/2026\/01\/tribe-suresnes.jpg\" alt=\"Tribe Suresnes (spring)\" class=\"wp-image-214045\" srcset=\"https:\/\/www.voyages-d-affaires.com\/wp-content\/uploads\/2026\/01\/tribe-suresnes.jpg 650w, https:\/\/www.voyages-d-affaires.com\/wp-content\/uploads\/2026\/01\/tribe-suresnes-300x225-derived.jpg 300w, https:\/\/www.voyages-d-affaires.com\/wp-content\/uploads\/2026\/01\/tribe-suresnes-16x12-derived.jpg 16w, https:\/\/www.voyages-d-affaires.com\/wp-content\/uploads\/2026\/01\/tribe-suresnes-80x60-derived.jpg 80w, https:\/\/www.voyages-d-affaires.com\/wp-content\/uploads\/2026\/01\/tribe-suresnes-265x198-derived.jpg 265w\" sizes=\"auto, (max-width: 650px) 100vw, 650px\" \/><\/figure>\n\n\n\n<p>After Clichy, Pantin, Saint-Ouen and La D\u00e9fense, the <a href=\"https:\/\/www.voyages-d-affaires.com\/en\/tribe-lifestyle-expansion\/\">contemporary brand<\/a> Tribe, part of the Accor group, is extending its network in the Paris suburbs by adding Suresnes to its list of addresses. Situated on the banks of the Seine, quai Gallieni, the four-star establishment will offer 104 designer rooms, a caf\u00e9 and restaurant, a meeting room and a major asset: a rooftop terrace bar with swimming pool. The hotel is part of the M\u00e9tamorphose development programme, led by Vinci Immobilier, which combines housing, flat villas and... a Bikube residence.<\/p>\n\n\n\n<h3 class=\"wp-block-heading\" id=\"h-bikube-paris-suresnes-printemps\">Bikube Paris - Suresnes (spring)<\/h3>\n\n\n<div class=\"wp-block-image\">\n<figure class=\"alignright size-full is-resized\"><img loading=\"lazy\" decoding=\"async\" width=\"650\" height=\"465\" src=\"https:\/\/www.voyages-d-affaires.com\/wp-content\/uploads\/2026\/01\/bikube-suresnes.jpg\" alt=\"Bikube Paris - Suresnes (spring)\" class=\"wp-image-214047\" style=\"width:333px;height:auto\" srcset=\"https:\/\/www.voyages-d-affaires.com\/wp-content\/uploads\/2026\/01\/bikube-suresnes.jpg 650w, https:\/\/www.voyages-d-affaires.com\/wp-content\/uploads\/2026\/01\/bikube-suresnes-300x215-derived.jpg 300w, https:\/\/www.voyages-d-affaires.com\/wp-content\/uploads\/2026\/01\/bikube-suresnes-18x12-derived.jpg 18w\" sizes=\"auto, (max-width: 650px) 100vw, 650px\" \/><\/figure><\/div>\n\n\n<p>Next door to the new Tribe hotel, Bikube Paris Suresnes forms a new kind of combo. Like its predecessors, which opened in Lyon at the end of 2024 and in Montpellier last year, this <a href=\"https:\/\/www.voyages-d-affaires.com\/en\/bikube-coliving-apparthotel\/\">concept launched by Vinci Immobilier<\/a> remains fully hybrid for this first establishment in the Paris region. Bikube is used to mixing the genres of coliving, short stays, catering and coworking, with accommodation rented by the night or by the month, and is arriving in Suresnes with 170 flats. Residents will have access to shared areas such as coworking, a fitness room and laundry facilities, and for longer stays, communal areas with shared kitchens and lounges on each floor. A Mediterranean-style restaurant-bar on the ground floor and the coworking space will be open to all, not just residents.<\/p>\n\n\n\n<h3 class=\"wp-block-heading\" id=\"h-l-ile-seguin-fin-d-annee\">Ile Seguin (end of year)<\/h3>\n\n\n\n<figure class=\"wp-block-image size-full\"><img loading=\"lazy\" decoding=\"async\" width=\"650\" height=\"542\" src=\"https:\/\/www.voyages-d-affaires.com\/wp-content\/uploads\/2026\/01\/hotel-ile-seguin.jpg\" alt=\"Ile Seguin (end of year)\" class=\"wp-image-214049\" srcset=\"https:\/\/www.voyages-d-affaires.com\/wp-content\/uploads\/2026\/01\/hotel-ile-seguin.jpg 650w, https:\/\/www.voyages-d-affaires.com\/wp-content\/uploads\/2026\/01\/hotel-ile-seguin-300x250-derived.jpg 300w, https:\/\/www.voyages-d-affaires.com\/wp-content\/uploads\/2026\/01\/hotel-ile-seguin-14x12-derived.jpg 14w\" sizes=\"auto, (max-width: 650px) 100vw, 650px\" \/><\/figure>\n\n\n\n<p>The Seine on Ile Seguin is not just about music, it's also about creativity and hospitality. Opposite the vessel designed by Shigeru Ban and Jean de Gastines to house a prestigious concert hall, on this island that was once the most emblematic of the Renault factories, another flagship project will see the light of day later this year: the Pointe des Arts Ile Seguin. Developed by Ardian, Emerige and AOG, this part of the island closest to Paris will soon be home to a multi-disciplinary arts centre designed by RCR Arquitectes, a number of restaurants, as well as 20,000 m\u00b2 of state-of-the-art offices and a Path\u00e9 cinema. Just next door, at the end of the Ile Seguin, an urban resort will punctuate the project. Managed by the Marugal group, which runs the Ch\u00e2teau des Fleurs in Paris, the Relais de Chambord and soon the Relais d'Amboise in the Loire Valley, this four-star hotel, designed by the Maison Sarah Lavoine studio, will offer 230 rooms and flats with balconies overlooking the Seine, as well as a panoramic restaurant, a rooftop terrace bar, a spa and an indoor swimming pool overlooking the Seine. A unique experience at the gateway to Paris.<\/p>","protected":false},"excerpt":{"rendered":"<div class=\"seriesmeta\">Article 1 of 7 in this dossier <a href=\"https:\/\/www.voyages-d-affaires.com\/en\/destination\/hotels-the-main-openings-worldwide-in-2026\" class=\"series-2523\" title=\"Special report - Hotels: the main openings worldwide in 2026\">Special report - Hotels: the main openings worldwide in 2026<\/a><\/div><p>From five-star luxury to budget concepts, from Paris intra muros to Roissy and Marne-la-Vall\u00e9e: a guide to the new hotels due to open in the Paris Region in 2026.<\/p>","protected":false},"author":19,"featured_media":214063,"comment_status":"closed","ping_status":"closed","sticky":false,"template":"","format":"standard","meta":{"_acf_changed":false,"footnotes":""},"categories":[57],"tags":[39,1499,1501],"type-darticle":[52],"n_magazine":[],"class_list":["post-214011","post","type-post","status-publish","format-standard","has-post-thumbnail","hentry","category-hotellerie","tag-paris","tag-hotels-daffaires","tag-hotellerie-haut-de-gamme","series-hotels-les-principales-ouvertures-dans-le-monde-en-2026","type-darticle-breve","vapo-free"],"acf":[],"yoast_head":"<!-- This site is optimized with the Yoast SEO Premium plugin v25.9 (Yoast SEO v25.9) - https:\/\/yoast.com\/wordpress\/plugins\/seo\/ -->\n<title>Les nouveaux h\u00f4tels attendus \u00e0 Paris et en Ile-de-France en 2026<\/title>\n<meta name=\"description\" content=\"Nouvelles enseignes, concepts innovants, r\u00e9novations : les nouveaux h\u00f4tels attendus \u00e0 Paris et en r\u00e9gion parisienne en 2026.\" \/>\n<meta name=\"robots\" content=\"index, follow, max-snippet:-1, max-image-preview:large, max-video-preview:-1\" \/>\n<link rel=\"canonical\" href=\"https:\/\/www.voyages-d-affaires.com\/en\/hotel-openings-paris-idf-2026\" \/>\n<meta property=\"og:locale\" content=\"en_GB\" \/>\n<meta property=\"og:type\" content=\"article\" \/>\n<meta property=\"og:title\" content=\"Les ouvertures d&#039;h\u00f4tels \u00e0 Paris et en Ile-de-France en 2026\" \/>\n<meta property=\"og:description\" content=\"Nouvelles enseignes, concepts innovants, r\u00e9novations : les nouveaux h\u00f4tels attendus \u00e0 Paris et en r\u00e9gion parisienne en 2026.\" \/>\n<meta property=\"og:url\" content=\"https:\/\/www.voyages-d-affaires.com\/en\/hotel-openings-paris-idf-2026\" \/>\n<meta property=\"og:site_name\" content=\"Voyages d&#039;affaires\" \/>\n<meta property=\"article:published_time\" content=\"2026-01-05T09:24:32+00:00\" \/>\n<meta property=\"article:modified_time\" content=\"2026-02-02T09:35:59+00:00\" \/>\n<meta property=\"og:image\" content=\"https:\/\/www.voyages-d-affaires.com\/wp-content\/uploads\/2026\/01\/hotel-raphael-facade.jpg\" \/>\n\t<meta property=\"og:image:width\" content=\"600\" \/>\n\t<meta property=\"og:image:height\" content=\"392\" \/>\n\t<meta property=\"og:image:type\" content=\"image\/jpeg\" \/>\n<meta name=\"author\" content=\"Arnaud Deltenre\" \/>\n<meta name=\"twitter:card\" content=\"summary_large_image\" \/>\n<meta name=\"twitter:label1\" content=\"Written by\" \/>\n\t<meta name=\"twitter:data1\" content=\"Arnaud Deltenre\" \/>\n\t<meta name=\"twitter:label2\" content=\"Estimated reading time\" \/>\n\t<meta name=\"twitter:data2\" content=\"16 minutes\" \/>\n<script type=\"application\/ld+json\" class=\"yoast-schema-graph\">{\"@context\":\"https:\/\/schema.org\",\"@graph\":[{\"@type\":\"WebPage\",\"@id\":\"https:\/\/www.voyages-d-affaires.com\/ouvertures-hotels-paris-idf-2026\",\"url\":\"https:\/\/www.voyages-d-affaires.com\/ouvertures-hotels-paris-idf-2026\",\"name\":\"Les nouveaux h\u00f4tels attendus \u00e0 Paris et en Ile-de-France en 2026\",\"isPartOf\":{\"@id\":\"https:\/\/www.voyages-d-affaires.com\/#website\"},\"primaryImageOfPage\":{\"@id\":\"https:\/\/www.voyages-d-affaires.com\/ouvertures-hotels-paris-idf-2026#primaryimage\"},\"image\":{\"@id\":\"https:\/\/www.voyages-d-affaires.com\/ouvertures-hotels-paris-idf-2026#primaryimage\"},\"thumbnailUrl\":\"https:\/\/www.voyages-d-affaires.com\/wp-content\/uploads\/2026\/01\/hotel-raphael-facade.jpg\",\"datePublished\":\"2026-01-05T09:24:32+00:00\",\"dateModified\":\"2026-02-02T09:35:59+00:00\",\"author\":{\"@id\":\"https:\/\/www.voyages-d-affaires.com\/#\/schema\/person\/5c156f900a0e8a3db500e35c5be2647f\"},\"description\":\"Nouvelles enseignes, concepts innovants, r\u00e9novations : les nouveaux h\u00f4tels attendus \u00e0 Paris et en r\u00e9gion parisienne en 2026.\",\"breadcrumb\":{\"@id\":\"https:\/\/www.voyages-d-affaires.com\/ouvertures-hotels-paris-idf-2026#breadcrumb\"},\"inLanguage\":\"en-GB\",\"potentialAction\":[{\"@type\":\"ReadAction\",\"target\":[\"https:\/\/www.voyages-d-affaires.com\/ouvertures-hotels-paris-idf-2026\"]}]},{\"@type\":\"ImageObject\",\"inLanguage\":\"en-GB\",\"@id\":\"https:\/\/www.voyages-d-affaires.com\/ouvertures-hotels-paris-idf-2026#primaryimage\",\"url\":\"https:\/\/www.voyages-d-affaires.com\/wp-content\/uploads\/2026\/01\/hotel-raphael-facade.jpg\",\"contentUrl\":\"https:\/\/www.voyages-d-affaires.com\/wp-content\/uploads\/2026\/01\/hotel-raphael-facade.jpg\",\"width\":600,\"height\":392,\"caption\":\"La performance de l'h\u00f4tellerie fran\u00e7aise a \u00e9t\u00e9 tir\u00e9e par les \u00e9tablissements parisiens.\"},{\"@type\":\"BreadcrumbList\",\"@id\":\"https:\/\/www.voyages-d-affaires.com\/ouvertures-hotels-paris-idf-2026#breadcrumb\",\"itemListElement\":[{\"@type\":\"ListItem\",\"position\":1,\"name\":\"Accueil\",\"item\":\"https:\/\/www.voyages-d-affaires.com\/\"},{\"@type\":\"ListItem\",\"position\":2,\"name\":\"Les ouvertures d&rsquo;h\u00f4tels \u00e0 Paris et en Ile-de-France en 2026\"}]},{\"@type\":\"WebSite\",\"@id\":\"https:\/\/www.voyages-d-affaires.com\/#website\",\"url\":\"https:\/\/www.voyages-d-affaires.com\/\",\"name\":\"Voyages d&#039;affaires\",\"description\":\"media fran\u00e7ais du Voyage d&#039;Affaires &amp; du MICE\",\"potentialAction\":[{\"@type\":\"SearchAction\",\"target\":{\"@type\":\"EntryPoint\",\"urlTemplate\":\"https:\/\/www.voyages-d-affaires.com\/?s={search_term_string}\"},\"query-input\":{\"@type\":\"PropertyValueSpecification\",\"valueRequired\":true,\"valueName\":\"search_term_string\"}}],\"inLanguage\":\"en-GB\"},{\"@type\":\"Person\",\"@id\":\"https:\/\/www.voyages-d-affaires.com\/#\/schema\/person\/5c156f900a0e8a3db500e35c5be2647f\",\"name\":\"Arnaud Deltenre\",\"url\":\"https:\/\/www.voyages-d-affaires.com\/en\/author\/arnaud\"}]}<\/script>\n<!-- \/ Yoast SEO Premium plugin. -->","yoast_head_json":{"title":"New hotels expected in Paris and the Ile-de-France region in 2026","description":"New brands, innovative concepts, renovations: the new hotels expected in Paris and the Paris region in 2026.","robots":{"index":"index","follow":"follow","max-snippet":"max-snippet:-1","max-image-preview":"max-image-preview:large","max-video-preview":"max-video-preview:-1"},"canonical":"https:\/\/www.voyages-d-affaires.com\/en\/hotel-openings-paris-idf-2026","og_locale":"en_GB","og_type":"article","og_title":"Les ouvertures d'h\u00f4tels \u00e0 Paris et en Ile-de-France en 2026","og_description":"Nouvelles enseignes, concepts innovants, r\u00e9novations : les nouveaux h\u00f4tels attendus \u00e0 Paris et en r\u00e9gion parisienne en 2026.","og_url":"https:\/\/www.voyages-d-affaires.com\/en\/hotel-openings-paris-idf-2026","og_site_name":"Voyages d&#039;affaires","article_published_time":"2026-01-05T09:24:32+00:00","article_modified_time":"2026-02-02T09:35:59+00:00","og_image":[{"width":600,"height":392,"url":"https:\/\/www.voyages-d-affaires.com\/wp-content\/uploads\/2026\/01\/hotel-raphael-facade.jpg","type":"image\/jpeg"}],"author":"Arnaud Deltenre","twitter_card":"summary_large_image","twitter_misc":{"Written by":"Arnaud Deltenre","Estimated reading time":"16 minutes"},"schema":{"@context":"https:\/\/schema.org","@graph":[{"@type":"WebPage","@id":"https:\/\/www.voyages-d-affaires.com\/ouvertures-hotels-paris-idf-2026","url":"https:\/\/www.voyages-d-affaires.com\/ouvertures-hotels-paris-idf-2026","name":"New hotels expected in Paris and the Ile-de-France region in 2026","isPartOf":{"@id":"https:\/\/www.voyages-d-affaires.com\/#website"},"primaryImageOfPage":{"@id":"https:\/\/www.voyages-d-affaires.com\/ouvertures-hotels-paris-idf-2026#primaryimage"},"image":{"@id":"https:\/\/www.voyages-d-affaires.com\/ouvertures-hotels-paris-idf-2026#primaryimage"},"thumbnailUrl":"https:\/\/www.voyages-d-affaires.com\/wp-content\/uploads\/2026\/01\/hotel-raphael-facade.jpg","datePublished":"2026-01-05T09:24:32+00:00","dateModified":"2026-02-02T09:35:59+00:00","author":{"@id":"https:\/\/www.voyages-d-affaires.com\/#\/schema\/person\/5c156f900a0e8a3db500e35c5be2647f"},"description":"New brands, innovative concepts, renovations: the new hotels expected in Paris and the Paris region in 2026.","breadcrumb":{"@id":"https:\/\/www.voyages-d-affaires.com\/ouvertures-hotels-paris-idf-2026#breadcrumb"},"inLanguage":"en-GB","potentialAction":[{"@type":"ReadAction","target":["https:\/\/www.voyages-d-affaires.com\/ouvertures-hotels-paris-idf-2026"]}]},{"@type":"ImageObject","inLanguage":"en-GB","@id":"https:\/\/www.voyages-d-affaires.com\/ouvertures-hotels-paris-idf-2026#primaryimage","url":"https:\/\/www.voyages-d-affaires.com\/wp-content\/uploads\/2026\/01\/hotel-raphael-facade.jpg","contentUrl":"https:\/\/www.voyages-d-affaires.com\/wp-content\/uploads\/2026\/01\/hotel-raphael-facade.jpg","width":600,"height":392,"caption":"La performance de l'h\u00f4tellerie fran\u00e7aise a \u00e9t\u00e9 tir\u00e9e par les \u00e9tablissements parisiens."},{"@type":"BreadcrumbList","@id":"https:\/\/www.voyages-d-affaires.com\/ouvertures-hotels-paris-idf-2026#breadcrumb","itemListElement":[{"@type":"ListItem","position":1,"name":"Accueil","item":"https:\/\/www.voyages-d-affaires.com\/"},{"@type":"ListItem","position":2,"name":"Les ouvertures d&rsquo;h\u00f4tels \u00e0 Paris et en Ile-de-France en 2026"}]},{"@type":"WebSite","@id":"https:\/\/www.voyages-d-affaires.com\/#website","url":"https:\/\/www.voyages-d-affaires.com\/","name":"Business travel","description":"THE FRENCH BUSINESS TRAVEL &amp; MICE MEDIA","potentialAction":[{"@type":"SearchAction","target":{"@type":"EntryPoint","urlTemplate":"https:\/\/www.voyages-d-affaires.com\/?s={search_term_string}"},"query-input":{"@type":"PropertyValueSpecification","valueRequired":true,"valueName":"search_term_string"}}],"inLanguage":"en-GB"},{"@type":"Person","@id":"https:\/\/www.voyages-d-affaires.com\/#\/schema\/person\/5c156f900a0e8a3db500e35c5be2647f","name":"Arnaud Deltenre","url":"https:\/\/www.voyages-d-affaires.com\/en\/author\/arnaud"}]}},"_links":{"self":[{"href":"https:\/\/www.voyages-d-affaires.com\/en\/wp-json\/wp\/v2\/posts\/214011","targetHints":{"allow":["GET"]}}],"collection":[{"href":"https:\/\/www.voyages-d-affaires.com\/en\/wp-json\/wp\/v2\/posts"}],"about":[{"href":"https:\/\/www.voyages-d-affaires.com\/en\/wp-json\/wp\/v2\/types\/post"}],"author":[{"embeddable":true,"href":"https:\/\/www.voyages-d-affaires.com\/en\/wp-json\/wp\/v2\/users\/19"}],"replies":[{"embeddable":true,"href":"https:\/\/www.voyages-d-affaires.com\/en\/wp-json\/wp\/v2\/comments?post=214011"}],"version-history":[{"count":15,"href":"https:\/\/www.voyages-d-affaires.com\/en\/wp-json\/wp\/v2\/posts\/214011\/revisions"}],"predecessor-version":[{"id":216305,"href":"https:\/\/www.voyages-d-affaires.com\/en\/wp-json\/wp\/v2\/posts\/214011\/revisions\/216305"}],"wp:featuredmedia":[{"embeddable":true,"href":"https:\/\/www.voyages-d-affaires.com\/en\/wp-json\/wp\/v2\/media\/214063"}],"wp:attachment":[{"href":"https:\/\/www.voyages-d-affaires.com\/en\/wp-json\/wp\/v2\/media?parent=214011"}],"wp:term":[{"taxonomy":"category","embeddable":true,"href":"https:\/\/www.voyages-d-affaires.com\/en\/wp-json\/wp\/v2\/categories?post=214011"},{"taxonomy":"post_tag","embeddable":true,"href":"https:\/\/www.voyages-d-affaires.com\/en\/wp-json\/wp\/v2\/tags?post=214011"},{"taxonomy":"type-darticle","embeddable":true,"href":"https:\/\/www.voyages-d-affaires.com\/en\/wp-json\/wp\/v2\/type-darticle?post=214011"},{"taxonomy":"n_magazine","embeddable":true,"href":"https:\/\/www.voyages-d-affaires.com\/en\/wp-json\/wp\/v2\/n_magazine?post=214011"}],"curies":[{"name":"wp","href":"https:\/\/api.w.org\/{rel}","templated":true}]}}