{"id":220535,"date":"2026-04-02T15:32:10","date_gmt":"2026-04-02T13:32:10","guid":{"rendered":"https:\/\/www.voyages-d-affaires.com\/?p=220535"},"modified":"2026-04-03T11:00:24","modified_gmt":"2026-04-03T09:00:24","slug":"tap-air-portugal-premium-economy-2","status":"publish","type":"post","link":"https:\/\/www.voyages-d-affaires.com\/en\/premium-economy-tap-air-portugal","title":{"rendered":"TAP Air Portugal's Economy Prime launches in June"},"content":{"rendered":"<p>TAP Air Portugal is also getting with the times by creating a Premium Economy that genuinely stands out from similar products offered by the competition. Indeed \u2013 probably for cost reasons \u2013 <a href=\"https:\/\/www.voyages-d-affaires.com\/en\/tap-air-portugal-premium-economy\/\">TAP Air Portugal<\/a> will not offer a different seat from the one in economy class, as is the case on Air France, Emirates or Lufthansa. On the other hand, the carrier guarantees that the seat next to it will remain free, offering greater privacy - particularly for passengers in rows close to the windows.\u00a0<\/p>\n<p>The company, which is launching this new product on 1 June, indicated that this class, which is already bookable, will be positioned between Business class and Classic Economy on the Airbus A330 and also the Airbus A321LR.\u00a0<\/p>\n<p>The Economy Prime cabin has 12 seats, located just behind Business Class, with a four-seat per row configuration. This arrangement \u2013 including the empty middle seat \u2013 creates a quieter and more intimate environment, allowing passengers to enjoy a more relaxed and comfortable journey.<\/p>\n<p>TAP Air Portugal offers a series of improvements and advantages on the ground and in the air. On boarding, passengers benefit from premium airport services including priority check-in, priority baggage handling (2 bags in the hold), fast-track access to security checks and priority boarding.\u00a0<\/p>\n<p>On board, the Economy Prime class is distinguished by a personalised service. Passengers benefit from a <strong>meal <\/strong>Principal premium with two hot dishes to choose from, the possibility to pre-select their meal up to 24 hours before departure, a comfort kit, and a premium pillow.\u00a0<\/p>\n<p>Among the additional benefits for frequent flyers, TAP Air Portugal offers more advantageous mileage accumulation, the possibility of modifying the ticket at no extra charge, as well as improved refund conditions, making this offer an attractive option within Economy Class.<\/p>","protected":false},"excerpt":{"rendered":"<p>TAP Air Portugal will offer its new premium economy cabin, dubbed Prime Economy, from June 1st. <\/p>","protected":false},"author":21,"featured_media":220539,"comment_status":"closed","ping_status":"closed","sticky":false,"template":"","format":"standard","meta":{"_acf_changed":false,"footnotes":""},"categories":[59],"tags":[2173,2509],"type-darticle":[52],"n_magazine":[],"class_list":["post-220535","post","type-post","status-publish","format-standard","has-post-thumbnail","hentry","category-aerien","tag-premium-economy","tag-tap-air-portugal","type-darticle-breve","vapo-free"],"acf":[],"yoast_head":"<!-- This site is optimized with the Yoast SEO Premium plugin v28.4 (Yoast SEO v28.4) - https:\/\/yoast.com\/product\/yoast-seo-premium-wordpress\/ -->\n<title>TAP Air Portugal d\u00e9voile Prime Economy sur les long-courriers<\/title>\n<meta name=\"description\" content=\"TAP Air Portugal proposera d\u00e8s le 1er juin un produit Premium Economy long-courrier qui est d\u00e9j\u00e0 en vente sur en agence et en ligne.\" \/>\n<meta name=\"robots\" content=\"index, follow, max-snippet:-1, max-image-preview:large, max-video-preview:-1\" \/>\n<link rel=\"canonical\" href=\"https:\/\/www.voyages-d-affaires.com\/en\/tap-air-portugal-premium-economy-2\/\" \/>\n<meta property=\"og:locale\" content=\"en_GB\" \/>\n<meta property=\"og:type\" content=\"article\" \/>\n<meta property=\"og:title\" content=\"La Prime Economy s&#039;installe en juin sur TAP Air Portugal\" \/>\n<meta property=\"og:description\" content=\"TAP Air Portugal proposera d\u00e8s le 1er juin un produit Premium Economy long-courrier qui est d\u00e9j\u00e0 en vente sur en agence et en ligne.\" \/>\n<meta property=\"og:url\" content=\"https:\/\/www.voyages-d-affaires.com\/en\/tap-air-portugal-premium-economy-2\/\" \/>\n<meta property=\"og:site_name\" content=\"Voyages d&#039;affaires\" \/>\n<meta property=\"article:published_time\" content=\"2026-04-02T13:32:10+00:00\" \/>\n<meta property=\"article:modified_time\" content=\"2026-04-03T09:00:24+00:00\" \/>\n<meta property=\"og:image\" content=\"https:\/\/www.voyages-d-affaires.com\/wp-content\/uploads\/2026\/04\/economy-prime-tap-air-portugal.jpg\" \/>\n\t<meta property=\"og:image:width\" content=\"650\" \/>\n\t<meta property=\"og:image:height\" content=\"389\" \/>\n\t<meta property=\"og:image:type\" content=\"image\/jpeg\" \/>\n<meta name=\"author\" content=\"Luc Citrinot\" \/>\n<meta name=\"twitter:card\" content=\"summary_large_image\" \/>\n<meta name=\"twitter:label1\" content=\"Written by\" \/>\n\t<meta name=\"twitter:data1\" content=\"Luc Citrinot\" \/>\n\t<meta name=\"twitter:label2\" content=\"Estimated reading time\" \/>\n\t<meta name=\"twitter:data2\" content=\"2 minutes\" \/>\n<script type=\"application\/ld+json\" class=\"yoast-schema-graph\">{\"@context\":\"https:\\\/\\\/schema.org\",\"@graph\":[{\"@type\":\"Article\",\"@id\":\"https:\\\/\\\/www.voyages-d-affaires.com\\\/premium-economy-tap-air-portugal#article\",\"isPartOf\":{\"@id\":\"https:\\\/\\\/www.voyages-d-affaires.com\\\/premium-economy-tap-air-portugal\"},\"author\":{\"name\":\"Luc Citrinot\",\"@id\":\"https:\\\/\\\/www.voyages-d-affaires.com\\\/#\\\/schema\\\/person\\\/c74b2eea412d55da7482e81e95f8edc3\"},\"headline\":\"La Prime Economy s&rsquo;installe en juin sur TAP Air Portugal\",\"datePublished\":\"2026-04-02T13:32:10+00:00\",\"dateModified\":\"2026-04-03T09:00:24+00:00\",\"mainEntityOfPage\":{\"@id\":\"https:\\\/\\\/www.voyages-d-affaires.com\\\/premium-economy-tap-air-portugal\"},\"wordCount\":360,\"image\":{\"@id\":\"https:\\\/\\\/www.voyages-d-affaires.com\\\/premium-economy-tap-air-portugal#primaryimage\"},\"thumbnailUrl\":\"https:\\\/\\\/www.voyages-d-affaires.com\\\/wp-content\\\/uploads\\\/2026\\\/04\\\/economy-prime-tap-air-portugal.jpg\",\"keywords\":[\"Premium Economy\",\"TAP Air Portugal\"],\"articleSection\":[\"A\u00e9rien\"],\"inLanguage\":\"en-GB\"},{\"@type\":\"WebPage\",\"@id\":\"https:\\\/\\\/www.voyages-d-affaires.com\\\/premium-economy-tap-air-portugal\",\"url\":\"https:\\\/\\\/www.voyages-d-affaires.com\\\/premium-economy-tap-air-portugal\",\"name\":\"TAP Air Portugal d\u00e9voile Prime Economy sur les long-courriers\",\"isPartOf\":{\"@id\":\"https:\\\/\\\/www.voyages-d-affaires.com\\\/#website\"},\"primaryImageOfPage\":{\"@id\":\"https:\\\/\\\/www.voyages-d-affaires.com\\\/premium-economy-tap-air-portugal#primaryimage\"},\"image\":{\"@id\":\"https:\\\/\\\/www.voyages-d-affaires.com\\\/premium-economy-tap-air-portugal#primaryimage\"},\"thumbnailUrl\":\"https:\\\/\\\/www.voyages-d-affaires.com\\\/wp-content\\\/uploads\\\/2026\\\/04\\\/economy-prime-tap-air-portugal.jpg\",\"datePublished\":\"2026-04-02T13:32:10+00:00\",\"dateModified\":\"2026-04-03T09:00:24+00:00\",\"author\":{\"@id\":\"https:\\\/\\\/www.voyages-d-affaires.com\\\/#\\\/schema\\\/person\\\/c74b2eea412d55da7482e81e95f8edc3\"},\"description\":\"TAP Air Portugal proposera d\u00e8s le 1er juin un produit Premium Economy long-courrier qui est d\u00e9j\u00e0 en vente sur en agence et en ligne.\",\"breadcrumb\":{\"@id\":\"https:\\\/\\\/www.voyages-d-affaires.com\\\/premium-economy-tap-air-portugal#breadcrumb\"},\"inLanguage\":\"en-GB\",\"potentialAction\":[{\"@type\":\"ReadAction\",\"target\":[\"https:\\\/\\\/www.voyages-d-affaires.com\\\/premium-economy-tap-air-portugal\"]}]},{\"@type\":\"ImageObject\",\"inLanguage\":\"en-GB\",\"@id\":\"https:\\\/\\\/www.voyages-d-affaires.com\\\/premium-economy-tap-air-portugal#primaryimage\",\"url\":\"https:\\\/\\\/www.voyages-d-affaires.com\\\/wp-content\\\/uploads\\\/2026\\\/04\\\/economy-prime-tap-air-portugal.jpg\",\"contentUrl\":\"https:\\\/\\\/www.voyages-d-affaires.com\\\/wp-content\\\/uploads\\\/2026\\\/04\\\/economy-prime-tap-air-portugal.jpg\",\"width\":650,\"height\":389,\"caption\":\"(Photo: TAP Air Portugal)\"},{\"@type\":\"BreadcrumbList\",\"@id\":\"https:\\\/\\\/www.voyages-d-affaires.com\\\/premium-economy-tap-air-portugal#breadcrumb\",\"itemListElement\":[{\"@type\":\"ListItem\",\"position\":1,\"name\":\"Accueil\",\"item\":\"https:\\\/\\\/www.voyages-d-affaires.com\\\/\"},{\"@type\":\"ListItem\",\"position\":2,\"name\":\"La Prime Economy s&rsquo;installe en juin sur TAP Air Portugal\"}]},{\"@type\":\"WebSite\",\"@id\":\"https:\\\/\\\/www.voyages-d-affaires.com\\\/#website\",\"url\":\"https:\\\/\\\/www.voyages-d-affaires.com\\\/\",\"name\":\"Voyages d&#039;affaires\",\"description\":\"media fran\u00e7ais du Voyage d&#039;Affaires &amp; du MICE\",\"potentialAction\":[{\"@type\":\"SearchAction\",\"target\":{\"@type\":\"EntryPoint\",\"urlTemplate\":\"https:\\\/\\\/www.voyages-d-affaires.com\\\/?s={search_term_string}\"},\"query-input\":{\"@type\":\"PropertyValueSpecification\",\"valueRequired\":true,\"valueName\":\"search_term_string\"}}],\"inLanguage\":\"en-GB\"},{\"@type\":\"Person\",\"@id\":\"https:\\\/\\\/www.voyages-d-affaires.com\\\/#\\\/schema\\\/person\\\/c74b2eea412d55da7482e81e95f8edc3\",\"name\":\"Luc Citrinot\",\"url\":\"https:\\\/\\\/www.voyages-d-affaires.com\\\/en\\\/author\\\/luccitrinot\"}]}<\/script>\n<!-- \/ Yoast SEO Premium plugin. -->","yoast_head_json":{"title":"TAP Air Portugal unveils Premium Economy on long-haul flights","description":"From 1 June, TAP Air Portugal will be offering a long-haul Premium Economy product which is already on sale in agencies and online.","robots":{"index":"index","follow":"follow","max-snippet":"max-snippet:-1","max-image-preview":"max-image-preview:large","max-video-preview":"max-video-preview:-1"},"canonical":"https:\/\/www.voyages-d-affaires.com\/en\/tap-air-portugal-premium-economy-2\/","og_locale":"en_GB","og_type":"article","og_title":"La Prime Economy s'installe en juin sur TAP Air Portugal","og_description":"TAP Air Portugal proposera d\u00e8s le 1er juin un produit Premium Economy long-courrier qui est d\u00e9j\u00e0 en vente sur en agence et en ligne.","og_url":"https:\/\/www.voyages-d-affaires.com\/en\/tap-air-portugal-premium-economy-2\/","og_site_name":"Voyages d&#039;affaires","article_published_time":"2026-04-02T13:32:10+00:00","article_modified_time":"2026-04-03T09:00:24+00:00","og_image":[{"width":650,"height":389,"url":"https:\/\/www.voyages-d-affaires.com\/wp-content\/uploads\/2026\/04\/economy-prime-tap-air-portugal.jpg","type":"image\/jpeg"}],"author":"Luc Citrinot","twitter_card":"summary_large_image","twitter_misc":{"Written by":"Luc Citrinot","Estimated reading time":"2 minutes"},"schema":{"@context":"https:\/\/schema.org","@graph":[{"@type":"Article","@id":"https:\/\/www.voyages-d-affaires.com\/premium-economy-tap-air-portugal#article","isPartOf":{"@id":"https:\/\/www.voyages-d-affaires.com\/premium-economy-tap-air-portugal"},"author":{"name":"Luc Citrinot","@id":"https:\/\/www.voyages-d-affaires.com\/#\/schema\/person\/c74b2eea412d55da7482e81e95f8edc3"},"headline":"La Prime Economy s&rsquo;installe en juin sur TAP Air Portugal","datePublished":"2026-04-02T13:32:10+00:00","dateModified":"2026-04-03T09:00:24+00:00","mainEntityOfPage":{"@id":"https:\/\/www.voyages-d-affaires.com\/premium-economy-tap-air-portugal"},"wordCount":360,"image":{"@id":"https:\/\/www.voyages-d-affaires.com\/premium-economy-tap-air-portugal#primaryimage"},"thumbnailUrl":"https:\/\/www.voyages-d-affaires.com\/wp-content\/uploads\/2026\/04\/economy-prime-tap-air-portugal.jpg","keywords":["Premium Economy","TAP Air Portugal"],"articleSection":["A\u00e9rien"],"inLanguage":"en-GB"},{"@type":"WebPage","@id":"https:\/\/www.voyages-d-affaires.com\/premium-economy-tap-air-portugal","url":"https:\/\/www.voyages-d-affaires.com\/premium-economy-tap-air-portugal","name":"TAP Air Portugal unveils Premium Economy on long-haul flights","isPartOf":{"@id":"https:\/\/www.voyages-d-affaires.com\/#website"},"primaryImageOfPage":{"@id":"https:\/\/www.voyages-d-affaires.com\/premium-economy-tap-air-portugal#primaryimage"},"image":{"@id":"https:\/\/www.voyages-d-affaires.com\/premium-economy-tap-air-portugal#primaryimage"},"thumbnailUrl":"https:\/\/www.voyages-d-affaires.com\/wp-content\/uploads\/2026\/04\/economy-prime-tap-air-portugal.jpg","datePublished":"2026-04-02T13:32:10+00:00","dateModified":"2026-04-03T09:00:24+00:00","author":{"@id":"https:\/\/www.voyages-d-affaires.com\/#\/schema\/person\/c74b2eea412d55da7482e81e95f8edc3"},"description":"From 1 June, TAP Air Portugal will be offering a long-haul Premium Economy product which is already on sale in agencies and online.","breadcrumb":{"@id":"https:\/\/www.voyages-d-affaires.com\/premium-economy-tap-air-portugal#breadcrumb"},"inLanguage":"en-GB","potentialAction":[{"@type":"ReadAction","target":["https:\/\/www.voyages-d-affaires.com\/premium-economy-tap-air-portugal"]}]},{"@type":"ImageObject","inLanguage":"en-GB","@id":"https:\/\/www.voyages-d-affaires.com\/premium-economy-tap-air-portugal#primaryimage","url":"https:\/\/www.voyages-d-affaires.com\/wp-content\/uploads\/2026\/04\/economy-prime-tap-air-portugal.jpg","contentUrl":"https:\/\/www.voyages-d-affaires.com\/wp-content\/uploads\/2026\/04\/economy-prime-tap-air-portugal.jpg","width":650,"height":389,"caption":"(Photo: TAP Air Portugal)"},{"@type":"BreadcrumbList","@id":"https:\/\/www.voyages-d-affaires.com\/premium-economy-tap-air-portugal#breadcrumb","itemListElement":[{"@type":"ListItem","position":1,"name":"Accueil","item":"https:\/\/www.voyages-d-affaires.com\/"},{"@type":"ListItem","position":2,"name":"La Prime Economy s&rsquo;installe en juin sur TAP Air Portugal"}]},{"@type":"WebSite","@id":"https:\/\/www.voyages-d-affaires.com\/#website","url":"https:\/\/www.voyages-d-affaires.com\/","name":"Business travel","description":"THE FRENCH BUSINESS TRAVEL &amp; MICE MEDIA","potentialAction":[{"@type":"SearchAction","target":{"@type":"EntryPoint","urlTemplate":"https:\/\/www.voyages-d-affaires.com\/?s={search_term_string}"},"query-input":{"@type":"PropertyValueSpecification","valueRequired":true,"valueName":"search_term_string"}}],"inLanguage":"en-GB"},{"@type":"Person","@id":"https:\/\/www.voyages-d-affaires.com\/#\/schema\/person\/c74b2eea412d55da7482e81e95f8edc3","name":"Luc Citrinot","url":"https:\/\/www.voyages-d-affaires.com\/en\/author\/luccitrinot"}]}},"_links":{"self":[{"href":"https:\/\/www.voyages-d-affaires.com\/en\/wp-json\/wp\/v2\/posts\/220535","targetHints":{"allow":["GET"]}}],"collection":[{"href":"https:\/\/www.voyages-d-affaires.com\/en\/wp-json\/wp\/v2\/posts"}],"about":[{"href":"https:\/\/www.voyages-d-affaires.com\/en\/wp-json\/wp\/v2\/types\/post"}],"author":[{"embeddable":true,"href":"https:\/\/www.voyages-d-affaires.com\/en\/wp-json\/wp\/v2\/users\/21"}],"replies":[{"embeddable":true,"href":"https:\/\/www.voyages-d-affaires.com\/en\/wp-json\/wp\/v2\/comments?post=220535"}],"version-history":[{"count":4,"href":"https:\/\/www.voyages-d-affaires.com\/en\/wp-json\/wp\/v2\/posts\/220535\/revisions"}],"predecessor-version":[{"id":220589,"href":"https:\/\/www.voyages-d-affaires.com\/en\/wp-json\/wp\/v2\/posts\/220535\/revisions\/220589"}],"wp:featuredmedia":[{"embeddable":true,"href":"https:\/\/www.voyages-d-affaires.com\/en\/wp-json\/wp\/v2\/media\/220539"}],"wp:attachment":[{"href":"https:\/\/www.voyages-d-affaires.com\/en\/wp-json\/wp\/v2\/media?parent=220535"}],"wp:term":[{"taxonomy":"category","embeddable":true,"href":"https:\/\/www.voyages-d-affaires.com\/en\/wp-json\/wp\/v2\/categories?post=220535"},{"taxonomy":"post_tag","embeddable":true,"href":"https:\/\/www.voyages-d-affaires.com\/en\/wp-json\/wp\/v2\/tags?post=220535"},{"taxonomy":"type-darticle","embeddable":true,"href":"https:\/\/www.voyages-d-affaires.com\/en\/wp-json\/wp\/v2\/type-darticle?post=220535"},{"taxonomy":"n_magazine","embeddable":true,"href":"https:\/\/www.voyages-d-affaires.com\/en\/wp-json\/wp\/v2\/n_magazine?post=220535"}],"curies":[{"name":"wp","href":"https:\/\/api.w.org\/{rel}","templated":true}]}}