{"id":224749,"date":"2026-06-11T11:24:12","date_gmt":"2026-06-11T09:24:12","guid":{"rendered":"https:\/\/www.voyages-d-affaires.com\/?p=224749"},"modified":"2026-06-11T12:47:34","modified_gmt":"2026-06-11T10:47:34","slug":"iftm-uzbekistan-business-records-club","status":"publish","type":"post","link":"https:\/\/www.voyages-d-affaires.com\/en\/iftm-uzbekistan-business-records-club","title":{"rendered":"IFTM: Uzbekistan in the spotlight, The Business Club as a key player"},"content":{"rendered":"<p>This year, the IFTM trade show will head for the Silk Road, for Samarkand and Bukhara. From 15 to 17 September, as always at Paris Expo Porte de Versailles, the major event for leisure and business tourism professionals will be showcasing Uzbekistan, its UNESCO-listed historical gems, and its natural beauty, as well as its authenticity. <em>This distinction is not only a recognition of our country's historical heritage, but also a fantastic opportunity to showcase a forward-looking Uzbekistan, which strengthens its position on the global tourist map every year.<\/em> \u00bb , \u200b\u200br\u00e9jouit Soukhrob Bobokulov, vice-pr\u00e9sident du Comit\u00e9 du tourisme de la R\u00e9publique d'Ouzb\u00e9kistan.<\/p>\n\n\n\n<p>No visa required for stays of less than 30 days for EU nationals, two direct flights a week between Paris and Tashkent, a safe destination for all travellers: the country\u2019s dynamism is underpinned by factors that are driving tourist arrivals, which grew by 30% last year, particularly in the French market, its main customer base in Europe. Building on this, the Central Asian country is aiming for 20 million visitors by 2030, up from 11.7 million in 2025, all supported by 31 infrastructure projects and 34 tourism masterplans.<\/p>\n\n\n\n<figure class=\"wp-block-image size-full\"><img loading=\"lazy\" decoding=\"async\" width=\"650\" height=\"365\" src=\"https:\/\/www.voyages-d-affaires.com\/wp-content\/uploads\/2025\/11\/salon-iftm-.jpg\" alt=\"The IFTM trade fair, eagerly anticipated in mid-September at Hall 1 of Paris Expo Porte de Versailles (c) IFTM\" class=\"wp-image-211557\" srcset=\"https:\/\/www.voyages-d-affaires.com\/wp-content\/uploads\/2025\/11\/salon-iftm-.jpg 650w, https:\/\/www.voyages-d-affaires.com\/wp-content\/uploads\/2025\/11\/salon-iftm--300x168-derived.jpg 300w, https:\/\/www.voyages-d-affaires.com\/wp-content\/uploads\/2025\/11\/salon-iftm--18x10-derived.jpg 18w\" sizes=\"auto, (max-width: 650px) 100vw, 650px\" \/><figcaption class=\"wp-element-caption\"><em>The IFTM trade fair, eagerly anticipated in mid-September at Hall 1 of Paris Expo Porte de Versailles (c) IFTM<\/em><\/figcaption><\/figure>\n\n\n\n<p>However, even though they may be lulled by the desires of elsewhere and start to dream of the distant times of Genghis Khan or Tamerlane, travel managers and travel buyers will primarily turn their attention to Le Club Affaires. The organisation of IFTM indeed expects a record edition for this \"show within a show\" dedicated to business travel. \" <em>\u201cEvery year, more and more players are taking part,\u201d notes Marie Allantaz, Editorial and Strategic Director of the IFTM trade fair. \u201cWhile we\u2019re still filling up the Business Club, we\u2019ve already exceeded last year\u2019s number of exhibitors.\u201d And I think we\u2019ll end up with 20% growth, or perhaps even a little more<\/em> \".<\/p>\n\n\n\n<h2 class=\"wp-block-heading\" id=\"h-une-edition-record-pour-le-club-affaires\">A record edition for the Business Club<\/h2>\n\n\n\n<p>With new arrivals announced such as United Airlines and Sixt, as well as Ailleurs Business, Mastercard France, HRS and ATPI France, the 50-exhibitor mark is in sight, with Marie Allantaz highlighting the dynamic nature of these buyer and travel manager associations, thanks to whom \" <em>This exhibition grows year on year<\/em> Whether it's the GBTA or the AFTM, official partner of IFTM alongside Air France, Avis, Les Entreprises du voyage, SNCF, Travelsoft, and a new addition, Revolut for Business.<\/p>\n\n\n\n<p>As last year, Wednesday will see the unveiling of the business travel and MICE barometer. However, what was seen by many as 'THE' business travel day will no longer necessarily be the case. In fact, it wasn't factually according to Marie Allantaz, as the number of visitors to the Business Club on Tuesdays and Wednesdays has been \"sensibly equivalent for the last two years\". But it will be a little less so, as the activity in this business zone will spill over into Thursday, marking one of the major innovations of the 2026 edition of IFTM: a \"matchmaking\" programme between exhibitors in the Business Club and corporate buyers.<\/p>\n\n\n\n<figure class=\"wp-block-image size-full\"><img loading=\"lazy\" decoding=\"async\" width=\"650\" height=\"316\" src=\"https:\/\/www.voyages-d-affaires.com\/wp-content\/uploads\/2026\/06\/iftm-club-affaires.jpg\" alt=\"The Business Club, a lounge within a lounge dedicated to business travel professionals.\" class=\"wp-image-224765\" srcset=\"https:\/\/www.voyages-d-affaires.com\/wp-content\/uploads\/2026\/06\/iftm-club-affaires.jpg 650w, https:\/\/www.voyages-d-affaires.com\/wp-content\/uploads\/2026\/06\/iftm-club-affaires-300x146-derived.jpg 300w, https:\/\/www.voyages-d-affaires.com\/wp-content\/uploads\/2026\/06\/iftm-club-affaires-18x9-derived.jpg 18w\" sizes=\"auto, (max-width: 650px) 100vw, 650px\" \/><figcaption class=\"wp-element-caption\"><em>The Business Club, a lounge within a lounge dedicated to business travel professionals.<\/em><\/figcaption><\/figure>\n\n\n\n<p>\" <em>We needed to break away from the idea of Wednesday as a business travel day. So, we might as well go all out and put these meetings on Thursday's schedule, to broaden attendance and keep the Business Club lively over the three days. <\/em>\u00bb, explains the editorial director of the show. Thus, from 8:30 am, before opening to the public, and until 10:30 am, the IFTM will organise a programme of pre-qualified one-to-one meetings punctuated by five to six fifteen to twenty-minute interviews.<\/p>\n\n\n\n<p>\" <em>By questioning a large number of buyers from major companies, particularly those who were not attending IFTM, we realised that it was a need<\/em>Explain Marie Allantaz. <em>Coming to a tourism trade fair at the Porte de Versailles is not an idea that would naturally occur to them. We can increase this buyer population by showing them that they won't be lost in the middle of a large fair and that they will find a dedicated area for business travel.<\/em> \".<\/p>\n\n\n\n<p>This idea of putting together a programme where they can meet several exhibitors at once accompanies the practice of buyers, whereas accepting an invitation from a single supplier is always a bit tricky. \u00ab <em>Conversely, if it's the trade show that invites them and covers their travel and accommodation, with everything organised within a schedule of appointments, then it makes sense and travelling to IFTM becomes easier to justify to the company.<\/em> \u00bb, remarks the director in charge of strategic steering at the IFTM.<\/p>\n\n\n\n<aside class=\"wp-block-varenne-link-block\"><p><a href=\"https:\/\/www.voyages-d-affaires.com\/en\/iftm-evenement-business-travel-mice\/\" data-id=\"201457\">Also read: IFTM at the forefront of business travel and MICE<\/a><\/p><\/aside>\n\n\n\n<p>Beyond these opportunities for exchange, buyers and travel managers will have other reasons to attend the trade show, notably to gauge the industry's pulse through the hundred or so conferences and round tables that will punctuate the three days. Where artificial intelligence will, of course, be a major topic, with conferences in the main Agora hall on the opening up of rail and the challenges of AI for OTAs, or, in the Club Affaires, a round table co-constructed with the AFTM on the theme \"Artificial Intelligence: gain in productivity or shift in value\". Other industry topics will be addressed in parallel, such as electronic invoicing, air travel purchasing strategies, MICE intermediation, car rentals and VTCs, in addition to asking the question \"do we still have the right to talk about value?\" concerning business travel.<\/p>\n\n\n\n<p>As the exhibition\u2019s central theme is \u201cthe value of travel \u2013 revealing what creates impact\u201d \u2013 and with IFTM aiming for Net Zero by 2040 \u2013 collective intelligence workshops will be offered by the sustainable mobility collective on the Business Club. These include, among others, a mobility mural and a Business Travel mural, as well as a workshop on motivating employees to take the train and another on levers for raising employee awareness for more responsible travel. In parallel, the Village of Sustainable Initiatives by mN\u2019O will also dedicate time to business travel by hosting a round table on the theme \"Conferences and events on a sustainable model\". To enjoy all of this, head to mid-September at Hall 1 of Paris Expo Porte de Versailles.<\/p>\n\n\n\n<aside class=\"wp-block-varenne-highlight-box\">\n<h3 class=\"wp-block-heading\" id=\"h-iftm-2026-la-croissance-au-rendez-vous\">IFTM 2026: Growth on the agenda<\/h3>\n\n\n\n<p>If the 2025 edition had brought together 1,650 brands and welcomed 177 destinations, but also seen 90 conferences held and generated nearly 17,000 business meetings for 32,000 visitors, the 2026 edition of the IFTM trade show has set itself the objective of returning to the 2019 level with 34,000 visitors.&nbsp;<em>With exhibitors and visitors signing up earlier than usual, we expect overall growth of 10\u201315 per cent, with renewed momentum for France as a destination, expanded African and European sections, and a record-breaking edition of Le Club Affaires<\/em>&nbsp;\", explains Marie Allantaz, editorial director and strategic management for the IFTM trade fair. In total, more than 1,700 brands are expected to be represented, with 10 new destinations on the programme, including Cambodia, C\u00f4te d'Ivoire and Lithuania.<\/p>\n\n\n\n<p>In parallel, around a hundred conferences and over 20 collective intelligence workshops will be offered with a \"Silent Room\" system, all rooms being equipped with audiophones, in addition to French\/English translation for conferences and subtitling in the spoken language for hearing-impaired individuals. Regarding people with reduced mobility, the exhibition offers dedicated reception. Still on the CSR front, IFTM continues its partnership with Join the Pipe for water distribution and supports several associations such as Femmes du tourisme, Je pars tu pars il part, Essentiem, and Secours Populaire. To facilitate visits, the exhibition is bringing back several tools, such as the Qollect solution, with all stands equipped with QR codes enabling automatic information exchange between visitors and exhibitors, or the Everywhere platform, allowing appointment requests to be sent before the exhibition. Added to this is a new feature with the IFTM Now web app, broadcasting the list of exhibitors, the programme, and the exhibition map. The entire IFTM in your pocket, so to speak.<\/p>\n<p>\u00a0<\/p>\n<\/aside>","protected":false},"excerpt":{"rendered":"<p>From 15 to 17 September 2026, at Paris Expo Porte de Versailles, the IFTM trade fair will put Uzbekistan in the spotlight and expects a record-breaking edition for Le Club Affaires, including a new matchmaking programme on Thursday.<\/p>","protected":false},"author":19,"featured_media":224763,"comment_status":"closed","ping_status":"closed","sticky":false,"template":"","format":"standard","meta":{"_acf_changed":false,"footnotes":""},"categories":[101],"tags":[39,1229,1671,1853],"type-darticle":[52],"n_magazine":[],"class_list":["post-224749","post","type-post","status-publish","format-standard","has-post-thumbnail","hentry","category-meetings-et-evenements","tag-paris","tag-mice","tag-politique-voyages","tag-salons-professionnels","type-darticle-breve","vapo-free"],"acf":[],"yoast_head":"<!-- This site is optimized with the Yoast SEO Premium plugin v25.9 (Yoast SEO v25.9) - https:\/\/yoast.com\/wordpress\/plugins\/seo\/ -->\n<title>IFTM : Ouzb\u00e9kistan \u00e0 l&#039;honneur, \u00e9dition record pour le Club Affaires<\/title>\n<meta name=\"description\" content=\"Nouveaux exposants, nouveau programme de matchmaking le jeudi sur Le Club Affaires : les nouveaut\u00e9s du salon IFTM, organis\u00e9 \u00e0 Paris du 15 au 17 septembre 2026.\" \/>\n<meta name=\"robots\" content=\"index, follow, max-snippet:-1, max-image-preview:large, max-video-preview:-1\" \/>\n<link rel=\"canonical\" href=\"https:\/\/www.voyages-d-affaires.com\/en\/iftm-uzbekistan-business-records-club\" \/>\n<meta property=\"og:locale\" content=\"en_GB\" \/>\n<meta property=\"og:type\" content=\"article\" \/>\n<meta property=\"og:title\" content=\"IFTM : l\u2019Ouzb\u00e9kistan \u00e0 l\u2019honneur, Le Club Affaires comme acteur cl\u00e9\" \/>\n<meta property=\"og:description\" content=\"Nouveaux exposants, nouveau programme de matchmaking le jeudi sur Le Club Affaires : les nouveaut\u00e9s du salon IFTM, organis\u00e9 \u00e0 Paris du 15 au 17 septembre 2026.\" \/>\n<meta property=\"og:url\" content=\"https:\/\/www.voyages-d-affaires.com\/en\/iftm-uzbekistan-business-records-club\" \/>\n<meta property=\"og:site_name\" content=\"Voyages d&#039;affaires\" \/>\n<meta property=\"article:published_time\" content=\"2026-06-11T09:24:12+00:00\" \/>\n<meta property=\"article:modified_time\" content=\"2026-06-11T10:47:34+00:00\" \/>\n<meta property=\"og:image\" content=\"https:\/\/www.voyages-d-affaires.com\/wp-content\/uploads\/2026\/06\/iftm-conference-de-presse-2026.jpg\" \/>\n\t<meta property=\"og:image:width\" content=\"650\" \/>\n\t<meta property=\"og:image:height\" content=\"451\" \/>\n\t<meta property=\"og:image:type\" content=\"image\/jpeg\" \/>\n<meta name=\"author\" content=\"Arnaud Deltenre\" \/>\n<meta name=\"twitter:card\" content=\"summary_large_image\" \/>\n<meta name=\"twitter:label1\" content=\"Written by\" \/>\n\t<meta name=\"twitter:data1\" content=\"Arnaud Deltenre\" \/>\n\t<meta name=\"twitter:label2\" content=\"Estimated reading time\" \/>\n\t<meta name=\"twitter:data2\" content=\"8 minutes\" \/>\n<script type=\"application\/ld+json\" class=\"yoast-schema-graph\">{\"@context\":\"https:\/\/schema.org\",\"@graph\":[{\"@type\":\"WebPage\",\"@id\":\"https:\/\/www.voyages-d-affaires.com\/iftm-ouzbekistan-record-club-affaires\",\"url\":\"https:\/\/www.voyages-d-affaires.com\/iftm-ouzbekistan-record-club-affaires\",\"name\":\"IFTM : Ouzb\u00e9kistan \u00e0 l'honneur, \u00e9dition record pour le Club Affaires\",\"isPartOf\":{\"@id\":\"https:\/\/www.voyages-d-affaires.com\/#website\"},\"primaryImageOfPage\":{\"@id\":\"https:\/\/www.voyages-d-affaires.com\/iftm-ouzbekistan-record-club-affaires#primaryimage\"},\"image\":{\"@id\":\"https:\/\/www.voyages-d-affaires.com\/iftm-ouzbekistan-record-club-affaires#primaryimage\"},\"thumbnailUrl\":\"https:\/\/www.voyages-d-affaires.com\/wp-content\/uploads\/2026\/06\/iftm-conference-de-presse-2026.jpg\",\"datePublished\":\"2026-06-11T09:24:12+00:00\",\"dateModified\":\"2026-06-11T10:47:34+00:00\",\"author\":{\"@id\":\"https:\/\/www.voyages-d-affaires.com\/#\/schema\/person\/5c156f900a0e8a3db500e35c5be2647f\"},\"description\":\"Nouveaux exposants, nouveau programme de matchmaking le jeudi sur Le Club Affaires : les nouveaut\u00e9s du salon IFTM, organis\u00e9 \u00e0 Paris du 15 au 17 septembre 2026.\",\"breadcrumb\":{\"@id\":\"https:\/\/www.voyages-d-affaires.com\/iftm-ouzbekistan-record-club-affaires#breadcrumb\"},\"inLanguage\":\"en-GB\",\"potentialAction\":[{\"@type\":\"ReadAction\",\"target\":[\"https:\/\/www.voyages-d-affaires.com\/iftm-ouzbekistan-record-club-affaires\"]}]},{\"@type\":\"ImageObject\",\"inLanguage\":\"en-GB\",\"@id\":\"https:\/\/www.voyages-d-affaires.com\/iftm-ouzbekistan-record-club-affaires#primaryimage\",\"url\":\"https:\/\/www.voyages-d-affaires.com\/wp-content\/uploads\/2026\/06\/iftm-conference-de-presse-2026.jpg\",\"contentUrl\":\"https:\/\/www.voyages-d-affaires.com\/wp-content\/uploads\/2026\/06\/iftm-conference-de-presse-2026.jpg\",\"width\":650,\"height\":451,\"caption\":\"IFTM - Conf\u00e9rence de presse 2026\"},{\"@type\":\"BreadcrumbList\",\"@id\":\"https:\/\/www.voyages-d-affaires.com\/iftm-ouzbekistan-record-club-affaires#breadcrumb\",\"itemListElement\":[{\"@type\":\"ListItem\",\"position\":1,\"name\":\"Accueil\",\"item\":\"https:\/\/www.voyages-d-affaires.com\/\"},{\"@type\":\"ListItem\",\"position\":2,\"name\":\"IFTM : l\u2019Ouzb\u00e9kistan \u00e0 l\u2019honneur, Le Club Affaires comme acteur cl\u00e9\"}]},{\"@type\":\"WebSite\",\"@id\":\"https:\/\/www.voyages-d-affaires.com\/#website\",\"url\":\"https:\/\/www.voyages-d-affaires.com\/\",\"name\":\"Voyages d&#039;affaires\",\"description\":\"media fran\u00e7ais du Voyage d&#039;Affaires &amp; du MICE\",\"potentialAction\":[{\"@type\":\"SearchAction\",\"target\":{\"@type\":\"EntryPoint\",\"urlTemplate\":\"https:\/\/www.voyages-d-affaires.com\/?s={search_term_string}\"},\"query-input\":{\"@type\":\"PropertyValueSpecification\",\"valueRequired\":true,\"valueName\":\"search_term_string\"}}],\"inLanguage\":\"en-GB\"},{\"@type\":\"Person\",\"@id\":\"https:\/\/www.voyages-d-affaires.com\/#\/schema\/person\/5c156f900a0e8a3db500e35c5be2647f\",\"name\":\"Arnaud Deltenre\",\"url\":\"https:\/\/www.voyages-d-affaires.com\/en\/author\/arnaud\"}]}<\/script>\n<!-- \/ Yoast SEO Premium plugin. -->","yoast_head_json":{"title":"IFTM: Uzbekistan in the spotlight, record edition for the Business Club","description":"New exhibitors, new matchmaking programme on Thursday on Le Club Affaires: the novelties of the IFTM trade show, organised in Paris from 15 to 17 September 2026.","robots":{"index":"index","follow":"follow","max-snippet":"max-snippet:-1","max-image-preview":"max-image-preview:large","max-video-preview":"max-video-preview:-1"},"canonical":"https:\/\/www.voyages-d-affaires.com\/en\/iftm-uzbekistan-business-records-club","og_locale":"en_GB","og_type":"article","og_title":"IFTM : l\u2019Ouzb\u00e9kistan \u00e0 l\u2019honneur, Le Club Affaires comme acteur cl\u00e9","og_description":"Nouveaux exposants, nouveau programme de matchmaking le jeudi sur Le Club Affaires : les nouveaut\u00e9s du salon IFTM, organis\u00e9 \u00e0 Paris du 15 au 17 septembre 2026.","og_url":"https:\/\/www.voyages-d-affaires.com\/en\/iftm-uzbekistan-business-records-club","og_site_name":"Voyages d&#039;affaires","article_published_time":"2026-06-11T09:24:12+00:00","article_modified_time":"2026-06-11T10:47:34+00:00","og_image":[{"width":650,"height":451,"url":"https:\/\/www.voyages-d-affaires.com\/wp-content\/uploads\/2026\/06\/iftm-conference-de-presse-2026.jpg","type":"image\/jpeg"}],"author":"Arnaud Deltenre","twitter_card":"summary_large_image","twitter_misc":{"Written by":"Arnaud Deltenre","Estimated reading time":"8 minutes"},"schema":{"@context":"https:\/\/schema.org","@graph":[{"@type":"WebPage","@id":"https:\/\/www.voyages-d-affaires.com\/iftm-ouzbekistan-record-club-affaires","url":"https:\/\/www.voyages-d-affaires.com\/iftm-ouzbekistan-record-club-affaires","name":"IFTM: Uzbekistan in the spotlight, record edition for the Business Club","isPartOf":{"@id":"https:\/\/www.voyages-d-affaires.com\/#website"},"primaryImageOfPage":{"@id":"https:\/\/www.voyages-d-affaires.com\/iftm-ouzbekistan-record-club-affaires#primaryimage"},"image":{"@id":"https:\/\/www.voyages-d-affaires.com\/iftm-ouzbekistan-record-club-affaires#primaryimage"},"thumbnailUrl":"https:\/\/www.voyages-d-affaires.com\/wp-content\/uploads\/2026\/06\/iftm-conference-de-presse-2026.jpg","datePublished":"2026-06-11T09:24:12+00:00","dateModified":"2026-06-11T10:47:34+00:00","author":{"@id":"https:\/\/www.voyages-d-affaires.com\/#\/schema\/person\/5c156f900a0e8a3db500e35c5be2647f"},"description":"New exhibitors, new matchmaking programme on Thursday on Le Club Affaires: the novelties of the IFTM trade show, organised in Paris from 15 to 17 September 2026.","breadcrumb":{"@id":"https:\/\/www.voyages-d-affaires.com\/iftm-ouzbekistan-record-club-affaires#breadcrumb"},"inLanguage":"en-GB","potentialAction":[{"@type":"ReadAction","target":["https:\/\/www.voyages-d-affaires.com\/iftm-ouzbekistan-record-club-affaires"]}]},{"@type":"ImageObject","inLanguage":"en-GB","@id":"https:\/\/www.voyages-d-affaires.com\/iftm-ouzbekistan-record-club-affaires#primaryimage","url":"https:\/\/www.voyages-d-affaires.com\/wp-content\/uploads\/2026\/06\/iftm-conference-de-presse-2026.jpg","contentUrl":"https:\/\/www.voyages-d-affaires.com\/wp-content\/uploads\/2026\/06\/iftm-conference-de-presse-2026.jpg","width":650,"height":451,"caption":"IFTM - Conf\u00e9rence de presse 2026"},{"@type":"BreadcrumbList","@id":"https:\/\/www.voyages-d-affaires.com\/iftm-ouzbekistan-record-club-affaires#breadcrumb","itemListElement":[{"@type":"ListItem","position":1,"name":"Accueil","item":"https:\/\/www.voyages-d-affaires.com\/"},{"@type":"ListItem","position":2,"name":"IFTM : l\u2019Ouzb\u00e9kistan \u00e0 l\u2019honneur, Le Club Affaires comme acteur cl\u00e9"}]},{"@type":"WebSite","@id":"https:\/\/www.voyages-d-affaires.com\/#website","url":"https:\/\/www.voyages-d-affaires.com\/","name":"Business travel","description":"THE FRENCH BUSINESS TRAVEL &amp; MICE MEDIA","potentialAction":[{"@type":"SearchAction","target":{"@type":"EntryPoint","urlTemplate":"https:\/\/www.voyages-d-affaires.com\/?s={search_term_string}"},"query-input":{"@type":"PropertyValueSpecification","valueRequired":true,"valueName":"search_term_string"}}],"inLanguage":"en-GB"},{"@type":"Person","@id":"https:\/\/www.voyages-d-affaires.com\/#\/schema\/person\/5c156f900a0e8a3db500e35c5be2647f","name":"Arnaud Deltenre","url":"https:\/\/www.voyages-d-affaires.com\/en\/author\/arnaud"}]}},"_links":{"self":[{"href":"https:\/\/www.voyages-d-affaires.com\/en\/wp-json\/wp\/v2\/posts\/224749","targetHints":{"allow":["GET"]}}],"collection":[{"href":"https:\/\/www.voyages-d-affaires.com\/en\/wp-json\/wp\/v2\/posts"}],"about":[{"href":"https:\/\/www.voyages-d-affaires.com\/en\/wp-json\/wp\/v2\/types\/post"}],"author":[{"embeddable":true,"href":"https:\/\/www.voyages-d-affaires.com\/en\/wp-json\/wp\/v2\/users\/19"}],"replies":[{"embeddable":true,"href":"https:\/\/www.voyages-d-affaires.com\/en\/wp-json\/wp\/v2\/comments?post=224749"}],"version-history":[{"count":14,"href":"https:\/\/www.voyages-d-affaires.com\/en\/wp-json\/wp\/v2\/posts\/224749\/revisions"}],"predecessor-version":[{"id":224803,"href":"https:\/\/www.voyages-d-affaires.com\/en\/wp-json\/wp\/v2\/posts\/224749\/revisions\/224803"}],"wp:featuredmedia":[{"embeddable":true,"href":"https:\/\/www.voyages-d-affaires.com\/en\/wp-json\/wp\/v2\/media\/224763"}],"wp:attachment":[{"href":"https:\/\/www.voyages-d-affaires.com\/en\/wp-json\/wp\/v2\/media?parent=224749"}],"wp:term":[{"taxonomy":"category","embeddable":true,"href":"https:\/\/www.voyages-d-affaires.com\/en\/wp-json\/wp\/v2\/categories?post=224749"},{"taxonomy":"post_tag","embeddable":true,"href":"https:\/\/www.voyages-d-affaires.com\/en\/wp-json\/wp\/v2\/tags?post=224749"},{"taxonomy":"type-darticle","embeddable":true,"href":"https:\/\/www.voyages-d-affaires.com\/en\/wp-json\/wp\/v2\/type-darticle?post=224749"},{"taxonomy":"n_magazine","embeddable":true,"href":"https:\/\/www.voyages-d-affaires.com\/en\/wp-json\/wp\/v2\/n_magazine?post=224749"}],"curies":[{"name":"wp","href":"https:\/\/api.w.org\/{rel}","templated":true}]}}