{"id":225741,"date":"2026-06-26T12:32:00","date_gmt":"2026-06-26T10:32:00","guid":{"rendered":"https:\/\/www.voyages-d-affaires.com\/?p=225741"},"modified":"2026-06-26T14:37:21","modified_gmt":"2026-06-26T12:37:21","slug":"turkish-airlines-think-premium-economy","status":"publish","type":"post","link":"https:\/\/www.voyages-d-affaires.com\/en\/turkish-airlines-pense-premium-economy","title":{"rendered":"Turkish Airlines is again considering Premium Economy."},"content":{"rendered":"\n<p class=\"wp-block-paragraph\">Une douzaine d&rsquo;ann\u00e9es apr\u00e8s avoir fait dispara\u00eetre de son offre une Premium Economy appel\u00e9e \u00ab\u00a0Comfort Class\u00a0\u00bb, <a href=\"https:\/\/www.voyages-d-affaires.com\/turkish-airlines-revient-a-tirana\">Turkish Airlines<\/a> c\u00e8de \u00e0 la tendance g\u00e9n\u00e9rale et devrait lancer cette classe interm\u00e9diaire d\u00e9but 2028.\u00a0D\u00e9voil\u00e9e par le site en ligne Skift, la nouvelle est d\u00e9sormais confirm\u00e9e par le nouveau PDG de Turkish Airlines, Ahmet Olmu\u015ftur. Dans une interview exclusive au magazine am\u00e9ricain Forbes, Ahmet Olmu\u015ftur a affirme une strat\u00e9gie r\u00e9solument tourn\u00e9e vers la croissance.<\/p>\n\n\n\n<div class=\"flex max-w-full flex-col gap-4 grow\">\n<div class=\"min-h-8 text-message relative flex w-full flex-col items-end gap-2 text-start break-words whitespace-normal outline-none keyboard-focused:focus-ring [.text-message+&amp;]:mt-1\" dir=\"auto\" data-message-author-role=\"assistant\" data-message-id=\"9e7b13aa-a7fc-45b1-91ff-58126a958d49\" data-message-model-slug=\"gpt-5-5\" data-turn-start-message=\"true\">\n<div class=\"flex w-full flex-col gap-1 empty:hidden\">\n<div class=\"markdown prose dark:prose-invert wrap-break-word w-full light markdown-new-styling\">\n<p data-start=\"468\" data-end=\"850\">L\u2019objectif reste inchang\u00e9 : porter la flotte \u00e0 plus de 800 appareils d\u2019ici 2033, desservir 345 destinations et d\u00e9passer les 50 milliards de dollars de chiffre d\u2019affaires annuel. Toutefois, la compagnie souhaite stimuler ses recettes passagers. Et cela passe par un produit plus haut de gamme en classe affaires ainsi que l&rsquo;introduction d&rsquo;une classe Economy Premium.<\/p>\n<p data-start=\"468\" data-end=\"850\">Le PDG de Turkish Airlines parle ainsi, avec l&rsquo;arriv\u00e9e de ses premiers Airbus A350-1000 pr\u00e9vue au troisi\u00e8me trimestre 2027, d&rsquo;introduire de nouvelles suites Business Class \u00ab Crystal \u00bb, enti\u00e8rement ferm\u00e9es par des parois coulissantes. Quinze Airbus A350-1000 devraient avoir rejoint la flotte de Turkish \u00e0 l&rsquo;horizon 2030.\u00a0<\/p>\n<p data-start=\"468\" data-end=\"850\">La compagnie confirme \u00e9galement l\u2019introduction d\u2019une cabine Premium Economy sur ses gros-porteurs \u00e0 partir de 2028. Les \u00e9tudes internes montrent que pr\u00e8s des deux tiers des passagers long-courriers sont pr\u00eats \u00e0 payer davantage pour b\u00e9n\u00e9ficier d\u2019un meilleur confort. La reconfiguration des cabines devrait permettre d\u2019augmenter de plus de 12 % le nombre de si\u00e8ges par avion tout en renfor\u00e7ant la capacit\u00e9 en classe Affaires, en hausse de 10%. Selon le PDG de Turkish Airlines, 8 \u00e0 9% de l&rsquo;offre en si\u00e8ges en classe \u00e9conomique seraient alors d\u00e9di\u00e9s \u00e0 la Premium Economy.\u00a0<\/p>\n<p data-start=\"468\" data-end=\"850\">Cette mont\u00e9e en gamme devrait aussi permettre d&rsquo;offrir des vols tr\u00e8s long-courrier plus attractifs. Ahmet Olmu\u015ftur envisage de fait de lancer des vols sans escale entre Istanbul et l\u2019Australie \u00e0 partir de 2028. La compagnie a \u00e9galement exprim\u00e9 son int\u00e9r\u00eat pour la desserte de Lima au P\u00e9rou et de se renforcer sur les Am\u00e9riques avec plus de fr\u00e9quences sur Santiago du Chili et Panama, mais aussi de nouvelles ouvertures de lignes vers Minneapolis-St Paul, Orlando et Philadelphie.\u00a0<\/p>\n<\/div>\n<\/div>\n<\/div>\n<\/div>\n","protected":false},"excerpt":{"rendered":"<p>Turkish Airlines will finally reintroduce an Economy Premium class, according to an interview with its CEO, Ahmet Olmu\u015ftur, in Forbes magazine. <\/p>","protected":false},"author":21,"featured_media":225749,"comment_status":"closed","ping_status":"closed","sticky":false,"template":"","format":"standard","meta":{"_acf_changed":false,"footnotes":""},"categories":[59],"tags":[2107,2173],"type-darticle":[52],"n_magazine":[],"class_list":["post-225741","post","type-post","status-publish","format-standard","has-post-thumbnail","hentry","category-aerien","tag-transport-aerien","tag-premium-economy","type-darticle-breve","vapo-free"],"acf":[],"yoast_head":"<!-- This site is optimized with the Yoast SEO Premium plugin v28.4 (Yoast SEO v28.4) - https:\/\/yoast.com\/product\/yoast-seo-premium-wordpress\/ -->\n<title>Turkish Airlines souhaite de nouveau une Premium Economy<\/title>\n<meta name=\"description\" content=\"Turkish Airlines avait abandonn\u00e9 en 2014 sa classe Premium Economy mais elle devrait de nouveau \u00e9quiper les Airbus A350-1000 d\u00e8s 2028.\" \/>\n<meta name=\"robots\" content=\"index, follow, max-snippet:-1, max-image-preview:large, max-video-preview:-1\" \/>\n<link rel=\"canonical\" href=\"https:\/\/www.voyages-d-affaires.com\/en\/turkish-airlines-think-premium-economy\/\" \/>\n<meta property=\"og:locale\" content=\"en_GB\" \/>\n<meta property=\"og:type\" content=\"article\" \/>\n<meta property=\"og:title\" content=\"Turkish Airlines pense de nouveau Premium Economy\" \/>\n<meta property=\"og:description\" content=\"Turkish Airlines avait abandonn\u00e9 en 2014 sa classe Premium Economy mais elle devrait de nouveau \u00e9quiper les Airbus A350-1000 d\u00e8s 2028.\" \/>\n<meta property=\"og:url\" content=\"https:\/\/www.voyages-d-affaires.com\/en\/turkish-airlines-think-premium-economy\/\" \/>\n<meta property=\"og:site_name\" content=\"Voyages d&#039;affaires\" \/>\n<meta property=\"article:published_time\" content=\"2026-06-26T10:32:00+00:00\" \/>\n<meta property=\"article:modified_time\" content=\"2026-06-26T12:37:21+00:00\" \/>\n<meta property=\"og:image\" content=\"https:\/\/www.voyages-d-affaires.com\/wp-content\/uploads\/2026\/06\/screenshot-2026-06-26-at-12-28-33-ahmet-.jpg\" \/>\n\t<meta property=\"og:image:width\" content=\"650\" \/>\n\t<meta property=\"og:image:height\" content=\"712\" \/>\n\t<meta property=\"og:image:type\" content=\"image\/jpeg\" \/>\n<meta name=\"author\" content=\"Luc Citrinot\" \/>\n<meta name=\"twitter:card\" content=\"summary_large_image\" \/>\n<meta name=\"twitter:label1\" content=\"Written by\" \/>\n\t<meta name=\"twitter:data1\" content=\"Luc Citrinot\" \/>\n\t<meta name=\"twitter:label2\" content=\"Estimated reading time\" \/>\n\t<meta name=\"twitter:data2\" content=\"2 minutes\" \/>\n<script type=\"application\/ld+json\" class=\"yoast-schema-graph\">{\"@context\":\"https:\\\/\\\/schema.org\",\"@graph\":[{\"@type\":\"Article\",\"@id\":\"https:\\\/\\\/www.voyages-d-affaires.com\\\/turkish-airlines-pense-premium-economy#article\",\"isPartOf\":{\"@id\":\"https:\\\/\\\/www.voyages-d-affaires.com\\\/turkish-airlines-pense-premium-economy\"},\"author\":{\"name\":\"Luc Citrinot\",\"@id\":\"https:\\\/\\\/www.voyages-d-affaires.com\\\/#\\\/schema\\\/person\\\/c74b2eea412d55da7482e81e95f8edc3\"},\"headline\":\"Turkish Airlines pense de nouveau Premium Economy\",\"datePublished\":\"2026-06-26T10:32:00+00:00\",\"dateModified\":\"2026-06-26T12:37:21+00:00\",\"mainEntityOfPage\":{\"@id\":\"https:\\\/\\\/www.voyages-d-affaires.com\\\/turkish-airlines-pense-premium-economy\"},\"wordCount\":384,\"image\":{\"@id\":\"https:\\\/\\\/www.voyages-d-affaires.com\\\/turkish-airlines-pense-premium-economy#primaryimage\"},\"thumbnailUrl\":\"https:\\\/\\\/www.voyages-d-affaires.com\\\/wp-content\\\/uploads\\\/2026\\\/06\\\/screenshot-2026-06-26-at-12-28-33-ahmet-.jpg\",\"keywords\":[\"transport a\u00e9rien\",\"Premium Economy\"],\"articleSection\":[\"A\u00e9rien\"],\"inLanguage\":\"en-GB\"},{\"@type\":\"WebPage\",\"@id\":\"https:\\\/\\\/www.voyages-d-affaires.com\\\/turkish-airlines-pense-premium-economy\",\"url\":\"https:\\\/\\\/www.voyages-d-affaires.com\\\/turkish-airlines-pense-premium-economy\",\"name\":\"Turkish Airlines souhaite de nouveau une Premium Economy\",\"isPartOf\":{\"@id\":\"https:\\\/\\\/www.voyages-d-affaires.com\\\/#website\"},\"primaryImageOfPage\":{\"@id\":\"https:\\\/\\\/www.voyages-d-affaires.com\\\/turkish-airlines-pense-premium-economy#primaryimage\"},\"image\":{\"@id\":\"https:\\\/\\\/www.voyages-d-affaires.com\\\/turkish-airlines-pense-premium-economy#primaryimage\"},\"thumbnailUrl\":\"https:\\\/\\\/www.voyages-d-affaires.com\\\/wp-content\\\/uploads\\\/2026\\\/06\\\/screenshot-2026-06-26-at-12-28-33-ahmet-.jpg\",\"datePublished\":\"2026-06-26T10:32:00+00:00\",\"dateModified\":\"2026-06-26T12:37:21+00:00\",\"author\":{\"@id\":\"https:\\\/\\\/www.voyages-d-affaires.com\\\/#\\\/schema\\\/person\\\/c74b2eea412d55da7482e81e95f8edc3\"},\"description\":\"Turkish Airlines avait abandonn\u00e9 en 2014 sa classe Premium Economy mais elle devrait de nouveau \u00e9quiper les Airbus A350-1000 d\u00e8s 2028.\",\"breadcrumb\":{\"@id\":\"https:\\\/\\\/www.voyages-d-affaires.com\\\/turkish-airlines-pense-premium-economy#breadcrumb\"},\"inLanguage\":\"en-GB\",\"potentialAction\":[{\"@type\":\"ReadAction\",\"target\":[\"https:\\\/\\\/www.voyages-d-affaires.com\\\/turkish-airlines-pense-premium-economy\"]}]},{\"@type\":\"ImageObject\",\"inLanguage\":\"en-GB\",\"@id\":\"https:\\\/\\\/www.voyages-d-affaires.com\\\/turkish-airlines-pense-premium-economy#primaryimage\",\"url\":\"https:\\\/\\\/www.voyages-d-affaires.com\\\/wp-content\\\/uploads\\\/2026\\\/06\\\/screenshot-2026-06-26-at-12-28-33-ahmet-.jpg\",\"contentUrl\":\"https:\\\/\\\/www.voyages-d-affaires.com\\\/wp-content\\\/uploads\\\/2026\\\/06\\\/screenshot-2026-06-26-at-12-28-33-ahmet-.jpg\",\"width\":650,\"height\":712,\"caption\":\"Ahmet Olmu\u015ftur, nouveau PDG de Turkish Airlines souhaite augmenter les recettes par passager avec plus de si\u00e8ges affaires et une nouvelle Premium Economy (Photo: Turkish Airlines)\"},{\"@type\":\"BreadcrumbList\",\"@id\":\"https:\\\/\\\/www.voyages-d-affaires.com\\\/turkish-airlines-pense-premium-economy#breadcrumb\",\"itemListElement\":[{\"@type\":\"ListItem\",\"position\":1,\"name\":\"Accueil\",\"item\":\"https:\\\/\\\/www.voyages-d-affaires.com\\\/\"},{\"@type\":\"ListItem\",\"position\":2,\"name\":\"Turkish Airlines pense de nouveau Premium Economy\"}]},{\"@type\":\"WebSite\",\"@id\":\"https:\\\/\\\/www.voyages-d-affaires.com\\\/#website\",\"url\":\"https:\\\/\\\/www.voyages-d-affaires.com\\\/\",\"name\":\"Voyages d&#039;affaires\",\"description\":\"media fran\u00e7ais du Voyage d&#039;Affaires &amp; du MICE\",\"potentialAction\":[{\"@type\":\"SearchAction\",\"target\":{\"@type\":\"EntryPoint\",\"urlTemplate\":\"https:\\\/\\\/www.voyages-d-affaires.com\\\/?s={search_term_string}\"},\"query-input\":{\"@type\":\"PropertyValueSpecification\",\"valueRequired\":true,\"valueName\":\"search_term_string\"}}],\"inLanguage\":\"en-GB\"},{\"@type\":\"Person\",\"@id\":\"https:\\\/\\\/www.voyages-d-affaires.com\\\/#\\\/schema\\\/person\\\/c74b2eea412d55da7482e81e95f8edc3\",\"name\":\"Luc Citrinot\",\"url\":\"https:\\\/\\\/www.voyages-d-affaires.com\\\/en\\\/author\\\/luccitrinot\"}]}<\/script>\n<!-- \/ Yoast SEO Premium plugin. -->","yoast_head_json":{"title":"Turkish Airlines wishes for Premium Economy once again","description":"Turkish Airlines had abandoned its Premium Economy class in 2014, but it is expected to re-equip its Airbus A350-1000s from 2028.","robots":{"index":"index","follow":"follow","max-snippet":"max-snippet:-1","max-image-preview":"max-image-preview:large","max-video-preview":"max-video-preview:-1"},"canonical":"https:\/\/www.voyages-d-affaires.com\/en\/turkish-airlines-think-premium-economy\/","og_locale":"en_GB","og_type":"article","og_title":"Turkish Airlines pense de nouveau Premium Economy","og_description":"Turkish Airlines avait abandonn\u00e9 en 2014 sa classe Premium Economy mais elle devrait de nouveau \u00e9quiper les Airbus A350-1000 d\u00e8s 2028.","og_url":"https:\/\/www.voyages-d-affaires.com\/en\/turkish-airlines-think-premium-economy\/","og_site_name":"Voyages d&#039;affaires","article_published_time":"2026-06-26T10:32:00+00:00","article_modified_time":"2026-06-26T12:37:21+00:00","og_image":[{"width":650,"height":712,"url":"https:\/\/www.voyages-d-affaires.com\/wp-content\/uploads\/2026\/06\/screenshot-2026-06-26-at-12-28-33-ahmet-.jpg","type":"image\/jpeg"}],"author":"Luc Citrinot","twitter_card":"summary_large_image","twitter_misc":{"Written by":"Luc Citrinot","Estimated reading time":"2 minutes"},"schema":{"@context":"https:\/\/schema.org","@graph":[{"@type":"Article","@id":"https:\/\/www.voyages-d-affaires.com\/turkish-airlines-pense-premium-economy#article","isPartOf":{"@id":"https:\/\/www.voyages-d-affaires.com\/turkish-airlines-pense-premium-economy"},"author":{"name":"Luc Citrinot","@id":"https:\/\/www.voyages-d-affaires.com\/#\/schema\/person\/c74b2eea412d55da7482e81e95f8edc3"},"headline":"Turkish Airlines pense de nouveau Premium Economy","datePublished":"2026-06-26T10:32:00+00:00","dateModified":"2026-06-26T12:37:21+00:00","mainEntityOfPage":{"@id":"https:\/\/www.voyages-d-affaires.com\/turkish-airlines-pense-premium-economy"},"wordCount":384,"image":{"@id":"https:\/\/www.voyages-d-affaires.com\/turkish-airlines-pense-premium-economy#primaryimage"},"thumbnailUrl":"https:\/\/www.voyages-d-affaires.com\/wp-content\/uploads\/2026\/06\/screenshot-2026-06-26-at-12-28-33-ahmet-.jpg","keywords":["transport a\u00e9rien","Premium Economy"],"articleSection":["A\u00e9rien"],"inLanguage":"en-GB"},{"@type":"WebPage","@id":"https:\/\/www.voyages-d-affaires.com\/turkish-airlines-pense-premium-economy","url":"https:\/\/www.voyages-d-affaires.com\/turkish-airlines-pense-premium-economy","name":"Turkish Airlines wishes for Premium Economy once again","isPartOf":{"@id":"https:\/\/www.voyages-d-affaires.com\/#website"},"primaryImageOfPage":{"@id":"https:\/\/www.voyages-d-affaires.com\/turkish-airlines-pense-premium-economy#primaryimage"},"image":{"@id":"https:\/\/www.voyages-d-affaires.com\/turkish-airlines-pense-premium-economy#primaryimage"},"thumbnailUrl":"https:\/\/www.voyages-d-affaires.com\/wp-content\/uploads\/2026\/06\/screenshot-2026-06-26-at-12-28-33-ahmet-.jpg","datePublished":"2026-06-26T10:32:00+00:00","dateModified":"2026-06-26T12:37:21+00:00","author":{"@id":"https:\/\/www.voyages-d-affaires.com\/#\/schema\/person\/c74b2eea412d55da7482e81e95f8edc3"},"description":"Turkish Airlines had abandoned its Premium Economy class in 2014, but it is expected to re-equip its Airbus A350-1000s from 2028.","breadcrumb":{"@id":"https:\/\/www.voyages-d-affaires.com\/turkish-airlines-pense-premium-economy#breadcrumb"},"inLanguage":"en-GB","potentialAction":[{"@type":"ReadAction","target":["https:\/\/www.voyages-d-affaires.com\/turkish-airlines-pense-premium-economy"]}]},{"@type":"ImageObject","inLanguage":"en-GB","@id":"https:\/\/www.voyages-d-affaires.com\/turkish-airlines-pense-premium-economy#primaryimage","url":"https:\/\/www.voyages-d-affaires.com\/wp-content\/uploads\/2026\/06\/screenshot-2026-06-26-at-12-28-33-ahmet-.jpg","contentUrl":"https:\/\/www.voyages-d-affaires.com\/wp-content\/uploads\/2026\/06\/screenshot-2026-06-26-at-12-28-33-ahmet-.jpg","width":650,"height":712,"caption":"Ahmet Olmu\u015ftur, nouveau PDG de Turkish Airlines souhaite augmenter les recettes par passager avec plus de si\u00e8ges affaires et une nouvelle Premium Economy (Photo: Turkish Airlines)"},{"@type":"BreadcrumbList","@id":"https:\/\/www.voyages-d-affaires.com\/turkish-airlines-pense-premium-economy#breadcrumb","itemListElement":[{"@type":"ListItem","position":1,"name":"Accueil","item":"https:\/\/www.voyages-d-affaires.com\/"},{"@type":"ListItem","position":2,"name":"Turkish Airlines pense de nouveau Premium Economy"}]},{"@type":"WebSite","@id":"https:\/\/www.voyages-d-affaires.com\/#website","url":"https:\/\/www.voyages-d-affaires.com\/","name":"Business travel","description":"THE FRENCH BUSINESS TRAVEL &amp; MICE MEDIA","potentialAction":[{"@type":"SearchAction","target":{"@type":"EntryPoint","urlTemplate":"https:\/\/www.voyages-d-affaires.com\/?s={search_term_string}"},"query-input":{"@type":"PropertyValueSpecification","valueRequired":true,"valueName":"search_term_string"}}],"inLanguage":"en-GB"},{"@type":"Person","@id":"https:\/\/www.voyages-d-affaires.com\/#\/schema\/person\/c74b2eea412d55da7482e81e95f8edc3","name":"Luc Citrinot","url":"https:\/\/www.voyages-d-affaires.com\/en\/author\/luccitrinot"}]}},"_links":{"self":[{"href":"https:\/\/www.voyages-d-affaires.com\/en\/wp-json\/wp\/v2\/posts\/225741","targetHints":{"allow":["GET"]}}],"collection":[{"href":"https:\/\/www.voyages-d-affaires.com\/en\/wp-json\/wp\/v2\/posts"}],"about":[{"href":"https:\/\/www.voyages-d-affaires.com\/en\/wp-json\/wp\/v2\/types\/post"}],"author":[{"embeddable":true,"href":"https:\/\/www.voyages-d-affaires.com\/en\/wp-json\/wp\/v2\/users\/21"}],"replies":[{"embeddable":true,"href":"https:\/\/www.voyages-d-affaires.com\/en\/wp-json\/wp\/v2\/comments?post=225741"}],"version-history":[{"count":7,"href":"https:\/\/www.voyages-d-affaires.com\/en\/wp-json\/wp\/v2\/posts\/225741\/revisions"}],"predecessor-version":[{"id":225759,"href":"https:\/\/www.voyages-d-affaires.com\/en\/wp-json\/wp\/v2\/posts\/225741\/revisions\/225759"}],"wp:featuredmedia":[{"embeddable":true,"href":"https:\/\/www.voyages-d-affaires.com\/en\/wp-json\/wp\/v2\/media\/225749"}],"wp:attachment":[{"href":"https:\/\/www.voyages-d-affaires.com\/en\/wp-json\/wp\/v2\/media?parent=225741"}],"wp:term":[{"taxonomy":"category","embeddable":true,"href":"https:\/\/www.voyages-d-affaires.com\/en\/wp-json\/wp\/v2\/categories?post=225741"},{"taxonomy":"post_tag","embeddable":true,"href":"https:\/\/www.voyages-d-affaires.com\/en\/wp-json\/wp\/v2\/tags?post=225741"},{"taxonomy":"type-darticle","embeddable":true,"href":"https:\/\/www.voyages-d-affaires.com\/en\/wp-json\/wp\/v2\/type-darticle?post=225741"},{"taxonomy":"n_magazine","embeddable":true,"href":"https:\/\/www.voyages-d-affaires.com\/en\/wp-json\/wp\/v2\/n_magazine?post=225741"}],"curies":[{"name":"wp","href":"https:\/\/api.w.org\/{rel}","templated":true}]}}