{"id":228597,"date":"2026-08-31T15:19:23","date_gmt":"2026-08-31T13:19:23","guid":{"rendered":"https:\/\/www.voyages-d-affaires.com\/?p=228597"},"modified":"2026-08-31T15:19:24","modified_gmt":"2026-08-31T13:19:24","slug":"hyatt-regency-palace-berlin","status":"publish","type":"post","link":"https:\/\/www.voyages-d-affaires.com\/en\/hyatt-regency-palace-berlin","title":{"rendered":"Hyatt Regency: Palace living in Berlin"},"content":{"rendered":"<p>The Hyatt group intends to further establish itself among business travellers passing through Berlin. Not that the American hotelier has lacked appeal until now, with the Grand Hyatt Berlin just a stone's throw from Potsdamer Platz, its ballroom capable of accommodating 850 people and its 9 meeting rooms. All this adds to other establishments such as the Me and All Hotel Berlin East Side, as well as the Lindner Hotel Berlin Ku'damm \u2013 a member of the JdV by Hyatt collection \u2013 and five Mr &amp; Mrs Smith hotels.<\/p>\n\n\n\n<p>Building on this, to perfect its presence in the German capital, the group will soon be establishing its business-oriented Hyatt Regency brand within the walls of a historic property: the Hotel Palace Berlin. Opened in 1968 \u2013 Willy Brandt, not yet Prime Minister but already Governing Mayor of West Berlin, delivered the inaugural speech \u2013 this property became part of the development of the Europa Center, Europe's first shopping mall, which opened three years earlier. It was a carbon copy of American-style shopping malls developed by businessman and investor Karl Heinz Pepper, complete with an office tower topped by the recognizable Mercedes logo and, somewhat later, a hotel.<\/p>\n\n\n\n<p>Next door to Berlin Zoo and just a few minutes' walk from the Ku\u2019damm, Hotel Palace Berlin has established itself as a flagship address in West Berlin, without ever stopping reinventing itself. The addition of a 102-room wing in 1988 and new suites just after the fall of the Wall, the opening of a spa in 2002 and a Club Floor in 2012: this member of The Leading Hotels of the World has undergone several evolutions over the decades.<\/p>\n\n\n\n<aside class=\"wp-block-varenne-link-block\"><p><a href=\"https:\/\/www.voyages-d-affaires.com\/en\/hyatt-regency-london-the-churchill\/\" data-id=\"226437\">Also worth reading: London: Hyatt moves to Olympia<\/a><\/p><\/aside>\n\n\n\n<p>As part of this, its business offering was also enhanced with the addition of a new floor dedicated to meetings in 1998, followed by the creation of a ballroom around 2003 and, in 2017, the unveiling of the Zoo I and II conference rooms as a vast foyer. Today, this creates a 2,600 m\u00b2 MICE space comprising 18 rooms capable of accommodating nearly a thousand participants.<\/p>\n\n\n\n<p>Before officially becoming the Hyatt Regency Palace Berlin in early 2027, the property is scheduled to undergo phased renovation to join the brand, with modernisation focused on public areas and guest rooms. As Germany's fourth Hyatt Regency\u2014following those in Cologne, D\u00fcsseldorf, and Mainz\u2014the hotel will offer 239 rooms and 39 suites, a Regency Club lounge, a renowned restaurant\u2014beef45\u2014as well as two bars.<\/p>","protected":false},"excerpt":{"rendered":"<p>The Hyatt Regency brand will soon take over the Hotel Palace Berlin, strengthening its offering for business travellers in the German capital.<\/p>","protected":false},"author":19,"featured_media":228601,"comment_status":"closed","ping_status":"closed","sticky":false,"template":"","format":"standard","meta":{"_acf_changed":false,"footnotes":""},"categories":[57],"tags":[1203,1217,1229,1501,1809],"type-darticle":[52],"n_magazine":[],"class_list":["post-228597","post","type-post","status-publish","format-standard","has-post-thumbnail","hentry","category-hotellerie","tag-allemagne","tag-berlin","tag-mice","tag-hotellerie-haut-de-gamme","tag-hyatt","type-darticle-breve","vapo-free"],"acf":[],"yoast_head":"<!-- This site is optimized with the Yoast SEO Premium plugin v25.9 (Yoast SEO v25.9) - https:\/\/yoast.com\/wordpress\/plugins\/seo\/ -->\n<title>Hyatt Regency : reprise de l&#039;Hotel Palace Berlin<\/title>\n<meta name=\"description\" content=\"Le groupe Hyatt fera bient\u00f4t de l&#039;embl\u00e9matique Hotel Palace Berlin un Hyatt Regency, renfor\u00e7ant son offre \u00e0 destination des voyageurs d&#039;affaires dans la capitale allemande.\" \/>\n<meta name=\"robots\" content=\"index, follow, max-snippet:-1, max-image-preview:large, max-video-preview:-1\" \/>\n<link rel=\"canonical\" href=\"https:\/\/www.voyages-d-affaires.com\/en\/hyatt-regency-palace-berlin\" \/>\n<meta property=\"og:locale\" content=\"en_GB\" \/>\n<meta property=\"og:type\" content=\"article\" \/>\n<meta property=\"og:title\" content=\"Hyatt Regency : la vie de Palace \u00e0 Berlin\" \/>\n<meta property=\"og:description\" content=\"Le groupe Hyatt fera bient\u00f4t de l&#039;embl\u00e9matique Hotel Palace Berlin un Hyatt Regency, renfor\u00e7ant son offre \u00e0 destination des voyageurs d&#039;affaires dans la capitale allemande.\" \/>\n<meta property=\"og:url\" content=\"https:\/\/www.voyages-d-affaires.com\/en\/hyatt-regency-palace-berlin\" \/>\n<meta property=\"og:site_name\" content=\"Voyages d&#039;affaires\" \/>\n<meta property=\"article:published_time\" content=\"2026-08-31T13:19:23+00:00\" \/>\n<meta property=\"article:modified_time\" content=\"2026-08-31T13:19:24+00:00\" \/>\n<meta property=\"og:image\" content=\"https:\/\/www.voyages-d-affaires.com\/wp-content\/uploads\/2026\/08\/hyatt-regency-hotel-palace-berlin.jpg\" \/>\n\t<meta property=\"og:image:width\" content=\"650\" \/>\n\t<meta property=\"og:image:height\" content=\"366\" \/>\n\t<meta property=\"og:image:type\" content=\"image\/jpeg\" \/>\n<meta name=\"author\" content=\"Arnaud Deltenre\" \/>\n<meta name=\"twitter:card\" content=\"summary_large_image\" \/>\n<meta name=\"twitter:label1\" content=\"Written by\" \/>\n\t<meta name=\"twitter:data1\" content=\"Arnaud Deltenre\" \/>\n\t<meta name=\"twitter:label2\" content=\"Estimated reading time\" \/>\n\t<meta name=\"twitter:data2\" content=\"3 minutes\" \/>\n<script type=\"application\/ld+json\" class=\"yoast-schema-graph\">{\"@context\":\"https:\/\/schema.org\",\"@graph\":[{\"@type\":\"WebPage\",\"@id\":\"https:\/\/www.voyages-d-affaires.com\/hyatt-regency-palace-berlin\",\"url\":\"https:\/\/www.voyages-d-affaires.com\/hyatt-regency-palace-berlin\",\"name\":\"Hyatt Regency : reprise de l'Hotel Palace Berlin\",\"isPartOf\":{\"@id\":\"https:\/\/www.voyages-d-affaires.com\/#website\"},\"primaryImageOfPage\":{\"@id\":\"https:\/\/www.voyages-d-affaires.com\/hyatt-regency-palace-berlin#primaryimage\"},\"image\":{\"@id\":\"https:\/\/www.voyages-d-affaires.com\/hyatt-regency-palace-berlin#primaryimage\"},\"thumbnailUrl\":\"https:\/\/www.voyages-d-affaires.com\/wp-content\/uploads\/2026\/08\/hyatt-regency-hotel-palace-berlin.jpg\",\"datePublished\":\"2026-08-31T13:19:23+00:00\",\"dateModified\":\"2026-08-31T13:19:24+00:00\",\"author\":{\"@id\":\"https:\/\/www.voyages-d-affaires.com\/#\/schema\/person\/5c156f900a0e8a3db500e35c5be2647f\"},\"description\":\"Le groupe Hyatt fera bient\u00f4t de l'embl\u00e9matique Hotel Palace Berlin un Hyatt Regency, renfor\u00e7ant son offre \u00e0 destination des voyageurs d'affaires dans la capitale allemande.\",\"breadcrumb\":{\"@id\":\"https:\/\/www.voyages-d-affaires.com\/hyatt-regency-palace-berlin#breadcrumb\"},\"inLanguage\":\"en-GB\",\"potentialAction\":[{\"@type\":\"ReadAction\",\"target\":[\"https:\/\/www.voyages-d-affaires.com\/hyatt-regency-palace-berlin\"]}]},{\"@type\":\"ImageObject\",\"inLanguage\":\"en-GB\",\"@id\":\"https:\/\/www.voyages-d-affaires.com\/hyatt-regency-palace-berlin#primaryimage\",\"url\":\"https:\/\/www.voyages-d-affaires.com\/wp-content\/uploads\/2026\/08\/hyatt-regency-hotel-palace-berlin.jpg\",\"contentUrl\":\"https:\/\/www.voyages-d-affaires.com\/wp-content\/uploads\/2026\/08\/hyatt-regency-hotel-palace-berlin.jpg\",\"width\":650,\"height\":366,\"caption\":\"Le futur Hyatt Regency Palace Berlin, attendu d\u00e9but 2027.\"},{\"@type\":\"BreadcrumbList\",\"@id\":\"https:\/\/www.voyages-d-affaires.com\/hyatt-regency-palace-berlin#breadcrumb\",\"itemListElement\":[{\"@type\":\"ListItem\",\"position\":1,\"name\":\"Accueil\",\"item\":\"https:\/\/www.voyages-d-affaires.com\/\"},{\"@type\":\"ListItem\",\"position\":2,\"name\":\"Hyatt Regency : la vie de Palace \u00e0 Berlin\"}]},{\"@type\":\"WebSite\",\"@id\":\"https:\/\/www.voyages-d-affaires.com\/#website\",\"url\":\"https:\/\/www.voyages-d-affaires.com\/\",\"name\":\"Voyages d&#039;affaires\",\"description\":\"media fran\u00e7ais du Voyage d&#039;Affaires &amp; du MICE\",\"potentialAction\":[{\"@type\":\"SearchAction\",\"target\":{\"@type\":\"EntryPoint\",\"urlTemplate\":\"https:\/\/www.voyages-d-affaires.com\/?s={search_term_string}\"},\"query-input\":{\"@type\":\"PropertyValueSpecification\",\"valueRequired\":true,\"valueName\":\"search_term_string\"}}],\"inLanguage\":\"en-GB\"},{\"@type\":\"Person\",\"@id\":\"https:\/\/www.voyages-d-affaires.com\/#\/schema\/person\/5c156f900a0e8a3db500e35c5be2647f\",\"name\":\"Arnaud Deltenre\",\"url\":\"https:\/\/www.voyages-d-affaires.com\/en\/author\/arnaud\"}]}<\/script>\n<!-- \/ Yoast SEO Premium plugin. -->","yoast_head_json":{"title":"Hyatt Regency: takeover of the Hotel Palace Berlin","description":"Hyatt will soon turn the iconic Hotel Palace Berlin into a Hyatt Regency, boosting its offering for business travellers in the German capital.","robots":{"index":"index","follow":"follow","max-snippet":"max-snippet:-1","max-image-preview":"max-image-preview:large","max-video-preview":"max-video-preview:-1"},"canonical":"https:\/\/www.voyages-d-affaires.com\/en\/hyatt-regency-palace-berlin","og_locale":"en_GB","og_type":"article","og_title":"Hyatt Regency : la vie de Palace \u00e0 Berlin","og_description":"Le groupe Hyatt fera bient\u00f4t de l'embl\u00e9matique Hotel Palace Berlin un Hyatt Regency, renfor\u00e7ant son offre \u00e0 destination des voyageurs d'affaires dans la capitale allemande.","og_url":"https:\/\/www.voyages-d-affaires.com\/en\/hyatt-regency-palace-berlin","og_site_name":"Voyages d&#039;affaires","article_published_time":"2026-08-31T13:19:23+00:00","article_modified_time":"2026-08-31T13:19:24+00:00","og_image":[{"width":650,"height":366,"url":"https:\/\/www.voyages-d-affaires.com\/wp-content\/uploads\/2026\/08\/hyatt-regency-hotel-palace-berlin.jpg","type":"image\/jpeg"}],"author":"Arnaud Deltenre","twitter_card":"summary_large_image","twitter_misc":{"Written by":"Arnaud Deltenre","Estimated reading time":"3 minutes"},"schema":{"@context":"https:\/\/schema.org","@graph":[{"@type":"WebPage","@id":"https:\/\/www.voyages-d-affaires.com\/hyatt-regency-palace-berlin","url":"https:\/\/www.voyages-d-affaires.com\/hyatt-regency-palace-berlin","name":"Hyatt Regency: takeover of the Hotel Palace Berlin","isPartOf":{"@id":"https:\/\/www.voyages-d-affaires.com\/#website"},"primaryImageOfPage":{"@id":"https:\/\/www.voyages-d-affaires.com\/hyatt-regency-palace-berlin#primaryimage"},"image":{"@id":"https:\/\/www.voyages-d-affaires.com\/hyatt-regency-palace-berlin#primaryimage"},"thumbnailUrl":"https:\/\/www.voyages-d-affaires.com\/wp-content\/uploads\/2026\/08\/hyatt-regency-hotel-palace-berlin.jpg","datePublished":"2026-08-31T13:19:23+00:00","dateModified":"2026-08-31T13:19:24+00:00","author":{"@id":"https:\/\/www.voyages-d-affaires.com\/#\/schema\/person\/5c156f900a0e8a3db500e35c5be2647f"},"description":"Hyatt will soon turn the iconic Hotel Palace Berlin into a Hyatt Regency, boosting its offering for business travellers in the German capital.","breadcrumb":{"@id":"https:\/\/www.voyages-d-affaires.com\/hyatt-regency-palace-berlin#breadcrumb"},"inLanguage":"en-GB","potentialAction":[{"@type":"ReadAction","target":["https:\/\/www.voyages-d-affaires.com\/hyatt-regency-palace-berlin"]}]},{"@type":"ImageObject","inLanguage":"en-GB","@id":"https:\/\/www.voyages-d-affaires.com\/hyatt-regency-palace-berlin#primaryimage","url":"https:\/\/www.voyages-d-affaires.com\/wp-content\/uploads\/2026\/08\/hyatt-regency-hotel-palace-berlin.jpg","contentUrl":"https:\/\/www.voyages-d-affaires.com\/wp-content\/uploads\/2026\/08\/hyatt-regency-hotel-palace-berlin.jpg","width":650,"height":366,"caption":"Le futur Hyatt Regency Palace Berlin, attendu d\u00e9but 2027."},{"@type":"BreadcrumbList","@id":"https:\/\/www.voyages-d-affaires.com\/hyatt-regency-palace-berlin#breadcrumb","itemListElement":[{"@type":"ListItem","position":1,"name":"Accueil","item":"https:\/\/www.voyages-d-affaires.com\/"},{"@type":"ListItem","position":2,"name":"Hyatt Regency : la vie de Palace \u00e0 Berlin"}]},{"@type":"WebSite","@id":"https:\/\/www.voyages-d-affaires.com\/#website","url":"https:\/\/www.voyages-d-affaires.com\/","name":"Business travel","description":"THE FRENCH BUSINESS TRAVEL &amp; MICE MEDIA","potentialAction":[{"@type":"SearchAction","target":{"@type":"EntryPoint","urlTemplate":"https:\/\/www.voyages-d-affaires.com\/?s={search_term_string}"},"query-input":{"@type":"PropertyValueSpecification","valueRequired":true,"valueName":"search_term_string"}}],"inLanguage":"en-GB"},{"@type":"Person","@id":"https:\/\/www.voyages-d-affaires.com\/#\/schema\/person\/5c156f900a0e8a3db500e35c5be2647f","name":"Arnaud Deltenre","url":"https:\/\/www.voyages-d-affaires.com\/en\/author\/arnaud"}]}},"_links":{"self":[{"href":"https:\/\/www.voyages-d-affaires.com\/en\/wp-json\/wp\/v2\/posts\/228597","targetHints":{"allow":["GET"]}}],"collection":[{"href":"https:\/\/www.voyages-d-affaires.com\/en\/wp-json\/wp\/v2\/posts"}],"about":[{"href":"https:\/\/www.voyages-d-affaires.com\/en\/wp-json\/wp\/v2\/types\/post"}],"author":[{"embeddable":true,"href":"https:\/\/www.voyages-d-affaires.com\/en\/wp-json\/wp\/v2\/users\/19"}],"replies":[{"embeddable":true,"href":"https:\/\/www.voyages-d-affaires.com\/en\/wp-json\/wp\/v2\/comments?post=228597"}],"version-history":[{"count":2,"href":"https:\/\/www.voyages-d-affaires.com\/en\/wp-json\/wp\/v2\/posts\/228597\/revisions"}],"predecessor-version":[{"id":228603,"href":"https:\/\/www.voyages-d-affaires.com\/en\/wp-json\/wp\/v2\/posts\/228597\/revisions\/228603"}],"wp:featuredmedia":[{"embeddable":true,"href":"https:\/\/www.voyages-d-affaires.com\/en\/wp-json\/wp\/v2\/media\/228601"}],"wp:attachment":[{"href":"https:\/\/www.voyages-d-affaires.com\/en\/wp-json\/wp\/v2\/media?parent=228597"}],"wp:term":[{"taxonomy":"category","embeddable":true,"href":"https:\/\/www.voyages-d-affaires.com\/en\/wp-json\/wp\/v2\/categories?post=228597"},{"taxonomy":"post_tag","embeddable":true,"href":"https:\/\/www.voyages-d-affaires.com\/en\/wp-json\/wp\/v2\/tags?post=228597"},{"taxonomy":"type-darticle","embeddable":true,"href":"https:\/\/www.voyages-d-affaires.com\/en\/wp-json\/wp\/v2\/type-darticle?post=228597"},{"taxonomy":"n_magazine","embeddable":true,"href":"https:\/\/www.voyages-d-affaires.com\/en\/wp-json\/wp\/v2\/n_magazine?post=228597"}],"curies":[{"name":"wp","href":"https:\/\/api.w.org\/{rel}","templated":true}]}}