{"id":228739,"date":"2026-09-02T16:13:34","date_gmt":"2026-09-02T14:13:34","guid":{"rendered":"https:\/\/www.voyages-d-affaires.com\/?p=228739"},"modified":"2026-09-02T16:13:34","modified_gmt":"2026-09-02T14:13:34","slug":"air-canada-mobility-aids-relaxes-rules","status":"publish","type":"post","link":"https:\/\/www.voyages-d-affaires.com\/en\/air-canada-aides-mobilite-assouplit-regles","title":{"rendered":"Mobility aids: Air Canada relaxes its rules"},"content":{"rendered":"<p class=\"wp-block-paragraph\">Manual or electric wheelchairs, walkers, hoists, adapted sports equipment: these items accompany the disabled traveller at every stage of their journey. For Megan Hines, chair of Air Canada's Accessibility Advisory Committee, they constitute \u00ab <em>the extension of our body<\/em> \u00bband not additional luggage. This distinction lies at the heart of the new policy announced by the airline.<\/p>\n\n\n\n<p class=\"wp-block-paragraph\">The Montreal-based airline unveiled a policy for the transport of this equipment on 28 August. It thus aims to make the travel experience more stress-free for disabled customers, whether they are travelling for business, pleasure or adapted sports.<\/p>\n\n\n\n<p class=\"wp-block-paragraph\">Specifically, each customer can now carry up to three mobility aids free of charge. Eligible items cover personal mobility equipment, adapted sports equipment, patient lifts and other similar transfer devices. If a piece of equipment proves too bulky to be placed on board the same aircraft as its owner, Air Canada Cargo will transport it free of charge within Canada.<\/p>\n\n\n\n<aside class=\"wp-block-varenne-link-block\"><p><a href=\"https:\/\/www.voyages-d-affaires.com\/en\/emirates-inclusive-business-travel\/\" data-id=\"189289\">Inclusive business travel: Emirates at the forefront<\/a><\/p><\/aside>\n\n\n<div class=\"wp-block-image\">\n<figure class=\"aligncenter size-full\"><img loading=\"lazy\" decoding=\"async\" width=\"650\" height=\"433\" src=\"https:\/\/www.voyages-d-affaires.com\/wp-content\/uploads\/2026\/09\/air-canada-airbus.jpg\" alt=\"\" class=\"wp-image-228747\" srcset=\"https:\/\/www.voyages-d-affaires.com\/wp-content\/uploads\/2026\/09\/air-canada-airbus.jpg 650w, https:\/\/www.voyages-d-affaires.com\/wp-content\/uploads\/2026\/09\/air-canada-airbus-300x200.jpg 300w, https:\/\/www.voyages-d-affaires.com\/wp-content\/uploads\/2026\/09\/air-canada-airbus-18x12.jpg 18w, https:\/\/www.voyages-d-affaires.com\/wp-content\/uploads\/2026\/09\/air-canada-airbus-240x160.jpg 240w\" sizes=\"auto, (max-width: 650px) 100vw, 650px\" \/><figcaption class=\"wp-element-caption\"><em>Air Canada's Airbus A321XLR<br><\/em><\/figcaption><\/figure>\n<\/div>\n\n\n<h2 id=\"h-une-politique-integree-a-un-plan-d-accessibilite-plus-large\" class=\"wp-block-heading\">A policy integrated into a wider accessibility plan<\/h2>\n\n\n\n<p class=\"wp-block-paragraph\">This measure forms part of Air Canada's Accessibility Plan, which aims to eliminate the barriers faced by customers with disabilities at every stage of their journey. The airline has therefore revised its operational procedures for handling this equipment and invested in specialist lifting equipment at airports across the country. It is also continuing to train its employees in safe and respectful assistance.<\/p>\n\n\n\n<p class=\"wp-block-paragraph\">Digitally, the Air Canada app now includes a tracking feature allowing customers to verify that their luggage has been loaded onto their flight.\u00ab <em>This new policy aims to boost customer confidence when travelling with us by offering them more consistent choices <\/em>\u00bb, explained Kerianne Wilson, Air Canada's Director of Customer Accessibility.<\/p>\n\n\n\n<aside class=\"wp-block-varenne-link-block\"><p><a href=\"https:\/\/www.voyages-d-affaires.com\/en\/masson-tourisme-handicap-interview\/\" data-id=\"178317\">A. Masson (Tourisme et Handicaps): \"developments, but also delays\".<\/a><\/p><\/aside>\n\n\n<div class=\"wp-block-image\">\n<figure class=\"aligncenter size-full\"><img loading=\"lazy\" decoding=\"async\" width=\"650\" height=\"432\" src=\"https:\/\/www.voyages-d-affaires.com\/wp-content\/uploads\/2026\/09\/air-canada-pmr-b.jpg\" alt=\"\" class=\"wp-image-228749\" srcset=\"https:\/\/www.voyages-d-affaires.com\/wp-content\/uploads\/2026\/09\/air-canada-pmr-b.jpg 650w, https:\/\/www.voyages-d-affaires.com\/wp-content\/uploads\/2026\/09\/air-canada-pmr-b-300x199.jpg 300w, https:\/\/www.voyages-d-affaires.com\/wp-content\/uploads\/2026\/09\/air-canada-pmr-b-18x12.jpg 18w, https:\/\/www.voyages-d-affaires.com\/wp-content\/uploads\/2026\/09\/air-canada-pmr-b-240x160.jpg 240w\" sizes=\"auto, (max-width: 650px) 100vw, 650px\" \/><figcaption class=\"wp-element-caption\"><em>Air Canada<\/em><\/figcaption><\/figure>\n<\/div>\n\n\n<p>\" <em>By clearly defining this policy, disabled people can travel without having to explain or justify their needs<\/em>, says Megan Hines, Chair of Air Canada's Accessibility Advisory Committee. <em>As a disabled person and Paralympic athlete, I find it rewarding to see that Air Canada recognises that the equipment we travel with, whether it is used to make daily life easier, meet care needs or play a sport, is an extension of our body and not extra baggage. This policy recognises that accessibility needs vary from one person to another and that disabled persons must be able to travel with the equipment they need without facing additional uncertainty or having to ask for an exception<\/em> \".<\/p>\n\n\n\n<aside class=\"wp-block-varenne-link-block\"><p><a href=\"https:\/\/www.voyages-d-affaires.com\/en\/75-years-air-canada-france\/\" data-id=\"220435\">75 years of Air Canada flights in France and an enhanced programme for summer 2026<\/a><\/p><\/aside>","protected":false},"excerpt":{"rendered":"<p>Air Canada now allows the free transport of three mobility aids per customer and tracks their loading via its app, as part of its accessibility plan.<\/p>","protected":false},"author":17,"featured_media":228741,"comment_status":"closed","ping_status":"closed","sticky":false,"template":"","format":"standard","meta":{"_acf_changed":false,"footnotes":""},"categories":[59],"tags":[131,1207,1901],"type-darticle":[52],"n_magazine":[],"class_list":["post-228739","post","type-post","status-publish","format-standard","has-post-thumbnail","hentry","category-aerien","tag-compagnies-aeriennes","tag-canada","tag-handicap","type-darticle-breve","vapo-free"],"acf":[],"yoast_head":"<!-- This site is optimized with the Yoast SEO Premium plugin v28.4 (Yoast SEO v28.4) - https:\/\/yoast.com\/product\/yoast-seo-premium-wordpress\/ -->\n<title>Air Canada : nouvelle politique de transport des aides \u00e0 la mobilit\u00e9<\/title>\n<meta name=\"description\" content=\"Air Canada autorise d\u00e9sormais le transport gratuit de trois aides \u00e0 la mobilit\u00e9 par voyageur et lance un suivi via son application.\" \/>\n<meta name=\"robots\" content=\"index, follow, max-snippet:-1, max-image-preview:large, max-video-preview:-1\" \/>\n<link rel=\"canonical\" href=\"https:\/\/www.voyages-d-affaires.com\/en\/air-canada-mobility-aids-relaxes-rules\/\" \/>\n<meta property=\"og:locale\" content=\"en_GB\" \/>\n<meta property=\"og:type\" content=\"article\" \/>\n<meta property=\"og:title\" content=\"Aides \u00e0 la mobilit\u00e9 : Air Canada assouplit ses r\u00e8gles\" \/>\n<meta property=\"og:description\" content=\"Air Canada autorise d\u00e9sormais le transport gratuit de trois aides \u00e0 la mobilit\u00e9 par voyageur et lance un suivi via son application.\" \/>\n<meta property=\"og:url\" content=\"https:\/\/www.voyages-d-affaires.com\/en\/air-canada-mobility-aids-relaxes-rules\/\" \/>\n<meta property=\"og:site_name\" content=\"Voyages d&#039;affaires\" \/>\n<meta property=\"article:published_time\" content=\"2026-09-02T14:13:34+00:00\" \/>\n<meta property=\"og:image\" content=\"https:\/\/www.voyages-d-affaires.com\/wp-content\/uploads\/2026\/09\/air-canada-pmr.jpg\" \/>\n\t<meta property=\"og:image:width\" content=\"650\" \/>\n\t<meta property=\"og:image:height\" content=\"432\" \/>\n\t<meta property=\"og:image:type\" content=\"image\/jpeg\" \/>\n<meta name=\"author\" content=\"Florian Guillemin\" \/>\n<meta name=\"twitter:card\" content=\"summary_large_image\" \/>\n<meta name=\"twitter:label1\" content=\"Written by\" \/>\n\t<meta name=\"twitter:data1\" content=\"Florian Guillemin\" \/>\n\t<meta name=\"twitter:label2\" content=\"Estimated reading time\" \/>\n\t<meta name=\"twitter:data2\" content=\"3 minutes\" \/>\n<script type=\"application\/ld+json\" class=\"yoast-schema-graph\">{\"@context\":\"https:\\\/\\\/schema.org\",\"@graph\":[{\"@type\":\"Article\",\"@id\":\"https:\\\/\\\/www.voyages-d-affaires.com\\\/air-canada-aides-mobilite-assouplit-regles#article\",\"isPartOf\":{\"@id\":\"https:\\\/\\\/www.voyages-d-affaires.com\\\/air-canada-aides-mobilite-assouplit-regles\"},\"author\":{\"name\":\"Florian Guillemin\",\"@id\":\"https:\\\/\\\/www.voyages-d-affaires.com\\\/#\\\/schema\\\/person\\\/21d3288dfdda735a7c37eb00030560b7\"},\"headline\":\"Aides \u00e0 la mobilit\u00e9 : Air Canada assouplit ses r\u00e8gles\",\"datePublished\":\"2026-09-02T14:13:34+00:00\",\"mainEntityOfPage\":{\"@id\":\"https:\\\/\\\/www.voyages-d-affaires.com\\\/air-canada-aides-mobilite-assouplit-regles\"},\"wordCount\":542,\"image\":{\"@id\":\"https:\\\/\\\/www.voyages-d-affaires.com\\\/air-canada-aides-mobilite-assouplit-regles#primaryimage\"},\"thumbnailUrl\":\"https:\\\/\\\/www.voyages-d-affaires.com\\\/wp-content\\\/uploads\\\/2026\\\/09\\\/air-canada-pmr.jpg\",\"keywords\":[\"compagnies a\u00e9riennes\",\"Canada\",\"handicap\"],\"articleSection\":[\"A\u00e9rien\"],\"inLanguage\":\"en-GB\"},{\"@type\":\"WebPage\",\"@id\":\"https:\\\/\\\/www.voyages-d-affaires.com\\\/air-canada-aides-mobilite-assouplit-regles\",\"url\":\"https:\\\/\\\/www.voyages-d-affaires.com\\\/air-canada-aides-mobilite-assouplit-regles\",\"name\":\"Air Canada : nouvelle politique de transport des aides \u00e0 la mobilit\u00e9\",\"isPartOf\":{\"@id\":\"https:\\\/\\\/www.voyages-d-affaires.com\\\/#website\"},\"primaryImageOfPage\":{\"@id\":\"https:\\\/\\\/www.voyages-d-affaires.com\\\/air-canada-aides-mobilite-assouplit-regles#primaryimage\"},\"image\":{\"@id\":\"https:\\\/\\\/www.voyages-d-affaires.com\\\/air-canada-aides-mobilite-assouplit-regles#primaryimage\"},\"thumbnailUrl\":\"https:\\\/\\\/www.voyages-d-affaires.com\\\/wp-content\\\/uploads\\\/2026\\\/09\\\/air-canada-pmr.jpg\",\"datePublished\":\"2026-09-02T14:13:34+00:00\",\"author\":{\"@id\":\"https:\\\/\\\/www.voyages-d-affaires.com\\\/#\\\/schema\\\/person\\\/21d3288dfdda735a7c37eb00030560b7\"},\"description\":\"Air Canada autorise d\u00e9sormais le transport gratuit de trois aides \u00e0 la mobilit\u00e9 par voyageur et lance un suivi via son application.\",\"breadcrumb\":{\"@id\":\"https:\\\/\\\/www.voyages-d-affaires.com\\\/air-canada-aides-mobilite-assouplit-regles#breadcrumb\"},\"inLanguage\":\"en-GB\",\"potentialAction\":[{\"@type\":\"ReadAction\",\"target\":[\"https:\\\/\\\/www.voyages-d-affaires.com\\\/air-canada-aides-mobilite-assouplit-regles\"]}]},{\"@type\":\"ImageObject\",\"inLanguage\":\"en-GB\",\"@id\":\"https:\\\/\\\/www.voyages-d-affaires.com\\\/air-canada-aides-mobilite-assouplit-regles#primaryimage\",\"url\":\"https:\\\/\\\/www.voyages-d-affaires.com\\\/wp-content\\\/uploads\\\/2026\\\/09\\\/air-canada-pmr.jpg\",\"contentUrl\":\"https:\\\/\\\/www.voyages-d-affaires.com\\\/wp-content\\\/uploads\\\/2026\\\/09\\\/air-canada-pmr.jpg\",\"width\":650,\"height\":432,\"caption\":\"DR Air Canada\"},{\"@type\":\"BreadcrumbList\",\"@id\":\"https:\\\/\\\/www.voyages-d-affaires.com\\\/air-canada-aides-mobilite-assouplit-regles#breadcrumb\",\"itemListElement\":[{\"@type\":\"ListItem\",\"position\":1,\"name\":\"Accueil\",\"item\":\"https:\\\/\\\/www.voyages-d-affaires.com\\\/\"},{\"@type\":\"ListItem\",\"position\":2,\"name\":\"Aides \u00e0 la mobilit\u00e9 : Air Canada assouplit ses r\u00e8gles\"}]},{\"@type\":\"WebSite\",\"@id\":\"https:\\\/\\\/www.voyages-d-affaires.com\\\/#website\",\"url\":\"https:\\\/\\\/www.voyages-d-affaires.com\\\/\",\"name\":\"Voyages d&#039;affaires\",\"description\":\"media fran\u00e7ais du Voyage d&#039;Affaires &amp; du MICE\",\"potentialAction\":[{\"@type\":\"SearchAction\",\"target\":{\"@type\":\"EntryPoint\",\"urlTemplate\":\"https:\\\/\\\/www.voyages-d-affaires.com\\\/?s={search_term_string}\"},\"query-input\":{\"@type\":\"PropertyValueSpecification\",\"valueRequired\":true,\"valueName\":\"search_term_string\"}}],\"inLanguage\":\"en-GB\"},{\"@type\":\"Person\",\"@id\":\"https:\\\/\\\/www.voyages-d-affaires.com\\\/#\\\/schema\\\/person\\\/21d3288dfdda735a7c37eb00030560b7\",\"name\":\"Florian Guillemin\",\"url\":\"https:\\\/\\\/www.voyages-d-affaires.com\\\/en\\\/author\\\/florian\"}]}<\/script>\n<!-- \/ Yoast SEO Premium plugin. -->","yoast_head_json":{"title":"Air Canada: new mobility aids transport policy","description":"Air Canada now permits the free carriage of three mobility aids per passenger and is launching tracking via its app.","robots":{"index":"index","follow":"follow","max-snippet":"max-snippet:-1","max-image-preview":"max-image-preview:large","max-video-preview":"max-video-preview:-1"},"canonical":"https:\/\/www.voyages-d-affaires.com\/en\/air-canada-mobility-aids-relaxes-rules\/","og_locale":"en_GB","og_type":"article","og_title":"Aides \u00e0 la mobilit\u00e9 : Air Canada assouplit ses r\u00e8gles","og_description":"Air Canada autorise d\u00e9sormais le transport gratuit de trois aides \u00e0 la mobilit\u00e9 par voyageur et lance un suivi via son application.","og_url":"https:\/\/www.voyages-d-affaires.com\/en\/air-canada-mobility-aids-relaxes-rules\/","og_site_name":"Voyages d&#039;affaires","article_published_time":"2026-09-02T14:13:34+00:00","og_image":[{"width":650,"height":432,"url":"https:\/\/www.voyages-d-affaires.com\/wp-content\/uploads\/2026\/09\/air-canada-pmr.jpg","type":"image\/jpeg"}],"author":"Florian Guillemin","twitter_card":"summary_large_image","twitter_misc":{"Written by":"Florian Guillemin","Estimated reading time":"3 minutes"},"schema":{"@context":"https:\/\/schema.org","@graph":[{"@type":"Article","@id":"https:\/\/www.voyages-d-affaires.com\/air-canada-aides-mobilite-assouplit-regles#article","isPartOf":{"@id":"https:\/\/www.voyages-d-affaires.com\/air-canada-aides-mobilite-assouplit-regles"},"author":{"name":"Florian Guillemin","@id":"https:\/\/www.voyages-d-affaires.com\/#\/schema\/person\/21d3288dfdda735a7c37eb00030560b7"},"headline":"Aides \u00e0 la mobilit\u00e9 : Air Canada assouplit ses r\u00e8gles","datePublished":"2026-09-02T14:13:34+00:00","mainEntityOfPage":{"@id":"https:\/\/www.voyages-d-affaires.com\/air-canada-aides-mobilite-assouplit-regles"},"wordCount":542,"image":{"@id":"https:\/\/www.voyages-d-affaires.com\/air-canada-aides-mobilite-assouplit-regles#primaryimage"},"thumbnailUrl":"https:\/\/www.voyages-d-affaires.com\/wp-content\/uploads\/2026\/09\/air-canada-pmr.jpg","keywords":["compagnies a\u00e9riennes","Canada","handicap"],"articleSection":["A\u00e9rien"],"inLanguage":"en-GB"},{"@type":"WebPage","@id":"https:\/\/www.voyages-d-affaires.com\/air-canada-aides-mobilite-assouplit-regles","url":"https:\/\/www.voyages-d-affaires.com\/air-canada-aides-mobilite-assouplit-regles","name":"Air Canada: new mobility aids transport policy","isPartOf":{"@id":"https:\/\/www.voyages-d-affaires.com\/#website"},"primaryImageOfPage":{"@id":"https:\/\/www.voyages-d-affaires.com\/air-canada-aides-mobilite-assouplit-regles#primaryimage"},"image":{"@id":"https:\/\/www.voyages-d-affaires.com\/air-canada-aides-mobilite-assouplit-regles#primaryimage"},"thumbnailUrl":"https:\/\/www.voyages-d-affaires.com\/wp-content\/uploads\/2026\/09\/air-canada-pmr.jpg","datePublished":"2026-09-02T14:13:34+00:00","author":{"@id":"https:\/\/www.voyages-d-affaires.com\/#\/schema\/person\/21d3288dfdda735a7c37eb00030560b7"},"description":"Air Canada now permits the free carriage of three mobility aids per passenger and is launching tracking via its app.","breadcrumb":{"@id":"https:\/\/www.voyages-d-affaires.com\/air-canada-aides-mobilite-assouplit-regles#breadcrumb"},"inLanguage":"en-GB","potentialAction":[{"@type":"ReadAction","target":["https:\/\/www.voyages-d-affaires.com\/air-canada-aides-mobilite-assouplit-regles"]}]},{"@type":"ImageObject","inLanguage":"en-GB","@id":"https:\/\/www.voyages-d-affaires.com\/air-canada-aides-mobilite-assouplit-regles#primaryimage","url":"https:\/\/www.voyages-d-affaires.com\/wp-content\/uploads\/2026\/09\/air-canada-pmr.jpg","contentUrl":"https:\/\/www.voyages-d-affaires.com\/wp-content\/uploads\/2026\/09\/air-canada-pmr.jpg","width":650,"height":432,"caption":"DR Air Canada"},{"@type":"BreadcrumbList","@id":"https:\/\/www.voyages-d-affaires.com\/air-canada-aides-mobilite-assouplit-regles#breadcrumb","itemListElement":[{"@type":"ListItem","position":1,"name":"Accueil","item":"https:\/\/www.voyages-d-affaires.com\/"},{"@type":"ListItem","position":2,"name":"Aides \u00e0 la mobilit\u00e9 : Air Canada assouplit ses r\u00e8gles"}]},{"@type":"WebSite","@id":"https:\/\/www.voyages-d-affaires.com\/#website","url":"https:\/\/www.voyages-d-affaires.com\/","name":"Business travel","description":"THE FRENCH BUSINESS TRAVEL &amp; MICE MEDIA","potentialAction":[{"@type":"SearchAction","target":{"@type":"EntryPoint","urlTemplate":"https:\/\/www.voyages-d-affaires.com\/?s={search_term_string}"},"query-input":{"@type":"PropertyValueSpecification","valueRequired":true,"valueName":"search_term_string"}}],"inLanguage":"en-GB"},{"@type":"Person","@id":"https:\/\/www.voyages-d-affaires.com\/#\/schema\/person\/21d3288dfdda735a7c37eb00030560b7","name":"Florian Guillemin","url":"https:\/\/www.voyages-d-affaires.com\/en\/author\/florian"}]}},"_links":{"self":[{"href":"https:\/\/www.voyages-d-affaires.com\/en\/wp-json\/wp\/v2\/posts\/228739","targetHints":{"allow":["GET"]}}],"collection":[{"href":"https:\/\/www.voyages-d-affaires.com\/en\/wp-json\/wp\/v2\/posts"}],"about":[{"href":"https:\/\/www.voyages-d-affaires.com\/en\/wp-json\/wp\/v2\/types\/post"}],"author":[{"embeddable":true,"href":"https:\/\/www.voyages-d-affaires.com\/en\/wp-json\/wp\/v2\/users\/17"}],"replies":[{"embeddable":true,"href":"https:\/\/www.voyages-d-affaires.com\/en\/wp-json\/wp\/v2\/comments?post=228739"}],"version-history":[{"count":5,"href":"https:\/\/www.voyages-d-affaires.com\/en\/wp-json\/wp\/v2\/posts\/228739\/revisions"}],"predecessor-version":[{"id":228755,"href":"https:\/\/www.voyages-d-affaires.com\/en\/wp-json\/wp\/v2\/posts\/228739\/revisions\/228755"}],"wp:featuredmedia":[{"embeddable":true,"href":"https:\/\/www.voyages-d-affaires.com\/en\/wp-json\/wp\/v2\/media\/228741"}],"wp:attachment":[{"href":"https:\/\/www.voyages-d-affaires.com\/en\/wp-json\/wp\/v2\/media?parent=228739"}],"wp:term":[{"taxonomy":"category","embeddable":true,"href":"https:\/\/www.voyages-d-affaires.com\/en\/wp-json\/wp\/v2\/categories?post=228739"},{"taxonomy":"post_tag","embeddable":true,"href":"https:\/\/www.voyages-d-affaires.com\/en\/wp-json\/wp\/v2\/tags?post=228739"},{"taxonomy":"type-darticle","embeddable":true,"href":"https:\/\/www.voyages-d-affaires.com\/en\/wp-json\/wp\/v2\/type-darticle?post=228739"},{"taxonomy":"n_magazine","embeddable":true,"href":"https:\/\/www.voyages-d-affaires.com\/en\/wp-json\/wp\/v2\/n_magazine?post=228739"}],"curies":[{"name":"wp","href":"https:\/\/api.w.org\/{rel}","templated":true}]}}