{"id":228761,"date":"2026-09-02T17:40:51","date_gmt":"2026-09-02T15:40:51","guid":{"rendered":"https:\/\/www.voyages-d-affaires.com\/?p=228761"},"modified":"2026-09-02T17:40:52","modified_gmt":"2026-09-02T15:40:52","slug":"business-tourism-ile-de-france","status":"publish","type":"post","link":"https:\/\/www.voyages-d-affaires.com\/en\/tourisme-affaires-ile-de-france","title":{"rendered":"Business tourism: \u00cele-de-France reaches a milestone in 2025"},"content":{"rendered":"<p class=\"wp-block-paragraph\">On September 2nd, the Paris Ile-de-France CCI published the 2026 edition of its review of activity for exhibition and convention centres in the Greater Paris region. The figures show an acceleration across almost all indicators in a region that remains Europe's leading business infrastructure offering, with 24 sites and nearly 700,000 m\u00b2 of indoor exhibition space.<\/p>\n\n\n\n<p class=\"wp-block-paragraph\">The trade fair sector experienced significant growth in 2025. The region hosted 362 trade fairs, bringing together 100,487 exhibiting companies, compared with 88,785 in 2023, and 7 million visitors, compared with 5.6 million two years earlier. These events generated \u20ac4.1 billion in economic impact, compared with \u20ac3.3 billion in 2023, and \u20ac18.2 billion in sales between exhibitors and visitors, excluding the aerospace and defence sectors.<\/p>\n\n\n\n<p class=\"wp-block-paragraph\">This trend continued into the first half of 2026: the net floor space occupied by trade fairs in the \u00cele-de-France region increased by 7.4 % and the number of exhibitors by 8.6 % compared with the previous session, confirming the region\u2019s enduring appeal to organisers.<\/p>\n\n\n\n<aside class=\"wp-block-varenne-link-block\"><p><a href=\"https:\/\/www.voyages-d-affaires.com\/en\/interview-corinne-moreau-promosalons\/\" data-id=\"162585\">Interview with : Corinne Moreau, Managing Director of Promosalons<\/a><\/p><\/aside>\n\n\n<div class=\"wp-block-image\">\n<figure class=\"aligncenter size-full\"><img loading=\"lazy\" decoding=\"async\" width=\"650\" height=\"469\" src=\"https:\/\/www.voyages-d-affaires.com\/wp-content\/uploads\/2026\/09\/mice.jpg\" alt=\"CCI Paris Ile-de-France\" class=\"wp-image-228765\" srcset=\"https:\/\/www.voyages-d-affaires.com\/wp-content\/uploads\/2026\/09\/mice.jpg 650w, https:\/\/www.voyages-d-affaires.com\/wp-content\/uploads\/2026\/09\/mice-300x216.jpg 300w, https:\/\/www.voyages-d-affaires.com\/wp-content\/uploads\/2026\/09\/mice-17x12.jpg 17w, https:\/\/www.voyages-d-affaires.com\/wp-content\/uploads\/2026\/09\/mice-97x70.jpg 97w, https:\/\/www.voyages-d-affaires.com\/wp-content\/uploads\/2026\/09\/mice-207x149.jpg 207w, https:\/\/www.voyages-d-affaires.com\/wp-content\/uploads\/2026\/09\/mice-221x159.jpg 221w, https:\/\/www.voyages-d-affaires.com\/wp-content\/uploads\/2026\/09\/mice-324x235.jpg 324w\" sizes=\"auto, (max-width: 650px) 100vw, 650px\" \/><figcaption class=\"wp-element-caption\"><em>MICE: CCI Paris Ile-de-France reviews the 2025 financial year<\/em><\/figcaption><\/figure>\n<\/div>\n\n\n<h2 id=\"h-congres-la-clientele-internationale-en-nette-progression\" class=\"wp-block-heading\">Conference: significant increase in international clientele<\/h2>\n\n\n\n<p class=\"wp-block-paragraph\">The congress sector showed the clearest growth in the results. The region hosted 1,200 in-person congresses in 2025, compared with 589 in 2024, a year hit by the Olympic Games. The number of international delegates nearly reached 133,000, up from 98,927 a year earlier, an overseas clientele that partly explains Paris's return to the <a href=\"https:\/\/www.voyages-d-affaires.com\/en\/icca-paris-podium-lisbon\/\" data-type=\"post\" data-id=\"223239\">global second place in the ICCA rankings<\/a>. These congresses generated \u20ac942 million in economic impact, compared with \u20ac920 million in 2024, according to data from Paris je t'aime Convention Bureau.<\/p>\n\n\n\n<figure class=\"wp-block-gallery has-nested-images columns-default is-cropped wp-block-gallery-2 is-layout-flex wp-block-gallery-is-layout-flex\">\n<figure class=\"wp-block-image size-full\"><img loading=\"lazy\" decoding=\"async\" width=\"650\" height=\"409\" data-id=\"228769\" src=\"https:\/\/www.voyages-d-affaires.com\/wp-content\/uploads\/2026\/09\/congres-cci-idf-.jpg\" alt=\"\" class=\"wp-image-228769\" srcset=\"https:\/\/www.voyages-d-affaires.com\/wp-content\/uploads\/2026\/09\/congres-cci-idf-.jpg 650w, https:\/\/www.voyages-d-affaires.com\/wp-content\/uploads\/2026\/09\/congres-cci-idf-18x11-1.jpg 18w, https:\/\/www.voyages-d-affaires.com\/wp-content\/uploads\/2026\/09\/congres-cci-idf-300x189-1.jpg 300w, https:\/\/www.voyages-d-affaires.com\/wp-content\/uploads\/2026\/09\/congres-cci-idf-254x160-1.jpg 254w\" sizes=\"auto, (max-width: 650px) 100vw, 650px\" \/><figcaption class=\"wp-element-caption\">Number of congresses in Ile-de-France<\/figcaption><\/figure>\n\n\n\n<figure class=\"wp-block-image size-full\"><img loading=\"lazy\" decoding=\"async\" width=\"650\" height=\"387\" data-id=\"228767\" src=\"https:\/\/www.voyages-d-affaires.com\/wp-content\/uploads\/2026\/09\/congres-cci-idf-b-.jpg\" alt=\"\" class=\"wp-image-228767\" srcset=\"https:\/\/www.voyages-d-affaires.com\/wp-content\/uploads\/2026\/09\/congres-cci-idf-b-.jpg 650w, https:\/\/www.voyages-d-affaires.com\/wp-content\/uploads\/2026\/09\/congres-cci-idf-b-300x179-1.jpg 300w, https:\/\/www.voyages-d-affaires.com\/wp-content\/uploads\/2026\/09\/congres-cci-idf-b-18x11-1.jpg 18w, https:\/\/www.voyages-d-affaires.com\/wp-content\/uploads\/2026\/09\/congres-cci-idf-b-268x160-1.jpg 268w\" sizes=\"auto, (max-width: 650px) 100vw, 650px\" \/><figcaption class=\"wp-element-caption\">Trend in delegate attendance<\/figcaption><\/figure>\n<\/figure>\n\n\n\n<aside class=\"wp-block-varenne-quote\"><blockquote><p><em>business tourism is much more than just a sector of activity: it is a powerful engine of growth for the \u00cele-de-France region<\/em><\/p><cite>Dominique Restino, President of the CCI Paris Ile-de-France<\/cite><\/blockquote><\/aside>\n\n\n\n<p class=\"wp-block-paragraph\">The other events organised at the 24 main \u00cele-de-France venues also confirm this trend: their number rose from 1,115 to 1,204 events, driven in particular by corporate events (919, compared with 888 in 2024) and shows and cultural and sporting events (119, compared with 79). \u00ab <em>These results confirm that business tourism is much more than just a business sector: it is a powerful driver of growth for the \u00cele-de-France region.<\/em> \u00bb, summarises Dominique Restino, President of the CCI Paris Ile-de-France.<\/p>\n\n\n\n<aside class=\"wp-block-varenne-link-block\"><p><a href=\"https:\/\/www.voyages-d-affaires.com\/en\/cci-paris-ile-de-france-conference-trade-fairs\/\" data-id=\"207689\">Trade fairs and conferences: the Paris Region Chamber of Commerce and Industry takes stock of MICE activity<\/a><\/p><\/aside>","protected":false},"excerpt":{"rendered":"<p>Exhibitions, congresses and international clientele are growing significantly in \u00cele-de-France in 2025, one year after Paris returned to 2nd place worldwide in the ICCA congress cities ranking.<\/p>","protected":false},"author":17,"featured_media":228763,"comment_status":"closed","ping_status":"closed","sticky":false,"template":"","format":"standard","meta":{"_acf_changed":false,"footnotes":""},"categories":[101],"tags":[39,1229,1667,1853,2297],"type-darticle":[52],"n_magazine":[],"class_list":["post-228761","post","type-post","status-publish","format-standard","has-post-thumbnail","hentry","category-meetings-et-evenements","tag-paris","tag-mice","tag-congres","tag-salons-professionnels","tag-france-meetings","type-darticle-breve","vapo-free"],"acf":[],"yoast_head":"<!-- This site is optimized with the Yoast SEO Premium plugin v28.4 (Yoast SEO v28.4) - https:\/\/yoast.com\/product\/yoast-seo-premium-wordpress\/ -->\n<title>Salons, congr\u00e8s : le bilan 2025 de la CCI Paris Ile-de-France<\/title>\n<meta name=\"description\" content=\"Fr\u00e9quentation, retomb\u00e9es \u00e9conomiques, client\u00e8le \u00e9trang\u00e8re : ce que r\u00e9v\u00e8le le bilan 2025 de la CCI Paris Ile-de-France.\" \/>\n<meta name=\"robots\" content=\"index, follow, max-snippet:-1, max-image-preview:large, max-video-preview:-1\" \/>\n<link rel=\"canonical\" href=\"https:\/\/www.voyages-d-affaires.com\/en\/business-tourism-ile-de-france\/\" \/>\n<meta property=\"og:locale\" content=\"en_GB\" \/>\n<meta property=\"og:type\" content=\"article\" \/>\n<meta property=\"og:title\" content=\"Tourisme d&#039;affaires : l&#039;\u00cele-de-France franchit un cap en 2025\" \/>\n<meta property=\"og:description\" content=\"Fr\u00e9quentation, retomb\u00e9es \u00e9conomiques, client\u00e8le \u00e9trang\u00e8re : ce que r\u00e9v\u00e8le le bilan 2025 de la CCI Paris Ile-de-France.\" \/>\n<meta property=\"og:url\" content=\"https:\/\/www.voyages-d-affaires.com\/en\/business-tourism-ile-de-france\/\" \/>\n<meta property=\"og:site_name\" content=\"Voyages d&#039;affaires\" \/>\n<meta property=\"article:published_time\" content=\"2026-09-02T15:40:51+00:00\" \/>\n<meta property=\"article:modified_time\" content=\"2026-09-02T15:40:52+00:00\" \/>\n<meta property=\"og:image\" content=\"https:\/\/www.voyages-d-affaires.com\/wp-content\/uploads\/2026\/09\/iftm-club-affaires-b.jpg\" \/>\n\t<meta property=\"og:image:width\" content=\"650\" \/>\n\t<meta property=\"og:image:height\" content=\"434\" \/>\n\t<meta property=\"og:image:type\" content=\"image\/jpeg\" \/>\n<meta name=\"author\" content=\"Florian Guillemin\" \/>\n<meta name=\"twitter:card\" content=\"summary_large_image\" \/>\n<meta name=\"twitter:label1\" content=\"Written by\" \/>\n\t<meta name=\"twitter:data1\" content=\"Florian Guillemin\" \/>\n\t<meta name=\"twitter:label2\" content=\"Estimated reading time\" \/>\n\t<meta name=\"twitter:data2\" content=\"3 minutes\" \/>\n<script type=\"application\/ld+json\" class=\"yoast-schema-graph\">{\"@context\":\"https:\\\/\\\/schema.org\",\"@graph\":[{\"@type\":\"Article\",\"@id\":\"https:\\\/\\\/www.voyages-d-affaires.com\\\/tourisme-affaires-ile-de-france#article\",\"isPartOf\":{\"@id\":\"https:\\\/\\\/www.voyages-d-affaires.com\\\/tourisme-affaires-ile-de-france\"},\"author\":{\"name\":\"Florian Guillemin\",\"@id\":\"https:\\\/\\\/www.voyages-d-affaires.com\\\/#\\\/schema\\\/person\\\/21d3288dfdda735a7c37eb00030560b7\"},\"headline\":\"Tourisme d&rsquo;affaires : l&rsquo;\u00cele-de-France franchit un cap en 2025\",\"datePublished\":\"2026-09-02T15:40:51+00:00\",\"dateModified\":\"2026-09-02T15:40:52+00:00\",\"mainEntityOfPage\":{\"@id\":\"https:\\\/\\\/www.voyages-d-affaires.com\\\/tourisme-affaires-ile-de-france\"},\"wordCount\":450,\"image\":{\"@id\":\"https:\\\/\\\/www.voyages-d-affaires.com\\\/tourisme-affaires-ile-de-france#primaryimage\"},\"thumbnailUrl\":\"https:\\\/\\\/www.voyages-d-affaires.com\\\/wp-content\\\/uploads\\\/2026\\\/09\\\/iftm-club-affaires-b.jpg\",\"keywords\":[\"Paris\",\"MICE\",\"congr\u00e8s\",\"salons professionnels\",\"France Meetings\"],\"articleSection\":[\"Meetings et Ev\u00e8nements\"],\"inLanguage\":\"en-GB\"},{\"@type\":\"WebPage\",\"@id\":\"https:\\\/\\\/www.voyages-d-affaires.com\\\/tourisme-affaires-ile-de-france\",\"url\":\"https:\\\/\\\/www.voyages-d-affaires.com\\\/tourisme-affaires-ile-de-france\",\"name\":\"Salons, congr\u00e8s : le bilan 2025 de la CCI Paris Ile-de-France\",\"isPartOf\":{\"@id\":\"https:\\\/\\\/www.voyages-d-affaires.com\\\/#website\"},\"primaryImageOfPage\":{\"@id\":\"https:\\\/\\\/www.voyages-d-affaires.com\\\/tourisme-affaires-ile-de-france#primaryimage\"},\"image\":{\"@id\":\"https:\\\/\\\/www.voyages-d-affaires.com\\\/tourisme-affaires-ile-de-france#primaryimage\"},\"thumbnailUrl\":\"https:\\\/\\\/www.voyages-d-affaires.com\\\/wp-content\\\/uploads\\\/2026\\\/09\\\/iftm-club-affaires-b.jpg\",\"datePublished\":\"2026-09-02T15:40:51+00:00\",\"dateModified\":\"2026-09-02T15:40:52+00:00\",\"author\":{\"@id\":\"https:\\\/\\\/www.voyages-d-affaires.com\\\/#\\\/schema\\\/person\\\/21d3288dfdda735a7c37eb00030560b7\"},\"description\":\"Fr\u00e9quentation, retomb\u00e9es \u00e9conomiques, client\u00e8le \u00e9trang\u00e8re : ce que r\u00e9v\u00e8le le bilan 2025 de la CCI Paris Ile-de-France.\",\"breadcrumb\":{\"@id\":\"https:\\\/\\\/www.voyages-d-affaires.com\\\/tourisme-affaires-ile-de-france#breadcrumb\"},\"inLanguage\":\"en-GB\",\"potentialAction\":[{\"@type\":\"ReadAction\",\"target\":[\"https:\\\/\\\/www.voyages-d-affaires.com\\\/tourisme-affaires-ile-de-france\"]}]},{\"@type\":\"ImageObject\",\"inLanguage\":\"en-GB\",\"@id\":\"https:\\\/\\\/www.voyages-d-affaires.com\\\/tourisme-affaires-ile-de-france#primaryimage\",\"url\":\"https:\\\/\\\/www.voyages-d-affaires.com\\\/wp-content\\\/uploads\\\/2026\\\/09\\\/iftm-club-affaires-b.jpg\",\"contentUrl\":\"https:\\\/\\\/www.voyages-d-affaires.com\\\/wp-content\\\/uploads\\\/2026\\\/09\\\/iftm-club-affaires-b.jpg\",\"width\":650,\"height\":434,\"caption\":\"Alors que le salon IFTM s'appr\u00eate \u00e0 ouvrir ses portes, la CCI Paris Ile-de-France d\u00e9voile son bilan d'activit\u00e9 des parcs d'exposition et de congr\u00e8s franciliens\"},{\"@type\":\"BreadcrumbList\",\"@id\":\"https:\\\/\\\/www.voyages-d-affaires.com\\\/tourisme-affaires-ile-de-france#breadcrumb\",\"itemListElement\":[{\"@type\":\"ListItem\",\"position\":1,\"name\":\"Accueil\",\"item\":\"https:\\\/\\\/www.voyages-d-affaires.com\\\/\"},{\"@type\":\"ListItem\",\"position\":2,\"name\":\"Tourisme d&rsquo;affaires : l&rsquo;\u00cele-de-France franchit un cap en 2025\"}]},{\"@type\":\"WebSite\",\"@id\":\"https:\\\/\\\/www.voyages-d-affaires.com\\\/#website\",\"url\":\"https:\\\/\\\/www.voyages-d-affaires.com\\\/\",\"name\":\"Voyages d&#039;affaires\",\"description\":\"media fran\u00e7ais du Voyage d&#039;Affaires &amp; du MICE\",\"potentialAction\":[{\"@type\":\"SearchAction\",\"target\":{\"@type\":\"EntryPoint\",\"urlTemplate\":\"https:\\\/\\\/www.voyages-d-affaires.com\\\/?s={search_term_string}\"},\"query-input\":{\"@type\":\"PropertyValueSpecification\",\"valueRequired\":true,\"valueName\":\"search_term_string\"}}],\"inLanguage\":\"en-GB\"},{\"@type\":\"Person\",\"@id\":\"https:\\\/\\\/www.voyages-d-affaires.com\\\/#\\\/schema\\\/person\\\/21d3288dfdda735a7c37eb00030560b7\",\"name\":\"Florian Guillemin\",\"url\":\"https:\\\/\\\/www.voyages-d-affaires.com\\\/en\\\/author\\\/florian\"}]}<\/script>\n<!-- \/ Yoast SEO Premium plugin. -->","yoast_head_json":{"title":"Trade fairs and congresses: the 2025 review by the CCI Paris Ile-de-France","description":"Footfall, economic impact, foreign clientele: what the 2025 review by the CCI Paris Ile-de-France reveals.","robots":{"index":"index","follow":"follow","max-snippet":"max-snippet:-1","max-image-preview":"max-image-preview:large","max-video-preview":"max-video-preview:-1"},"canonical":"https:\/\/www.voyages-d-affaires.com\/en\/business-tourism-ile-de-france\/","og_locale":"en_GB","og_type":"article","og_title":"Tourisme d'affaires : l'\u00cele-de-France franchit un cap en 2025","og_description":"Fr\u00e9quentation, retomb\u00e9es \u00e9conomiques, client\u00e8le \u00e9trang\u00e8re : ce que r\u00e9v\u00e8le le bilan 2025 de la CCI Paris Ile-de-France.","og_url":"https:\/\/www.voyages-d-affaires.com\/en\/business-tourism-ile-de-france\/","og_site_name":"Voyages d&#039;affaires","article_published_time":"2026-09-02T15:40:51+00:00","article_modified_time":"2026-09-02T15:40:52+00:00","og_image":[{"width":650,"height":434,"url":"https:\/\/www.voyages-d-affaires.com\/wp-content\/uploads\/2026\/09\/iftm-club-affaires-b.jpg","type":"image\/jpeg"}],"author":"Florian Guillemin","twitter_card":"summary_large_image","twitter_misc":{"Written by":"Florian Guillemin","Estimated reading time":"3 minutes"},"schema":{"@context":"https:\/\/schema.org","@graph":[{"@type":"Article","@id":"https:\/\/www.voyages-d-affaires.com\/tourisme-affaires-ile-de-france#article","isPartOf":{"@id":"https:\/\/www.voyages-d-affaires.com\/tourisme-affaires-ile-de-france"},"author":{"name":"Florian Guillemin","@id":"https:\/\/www.voyages-d-affaires.com\/#\/schema\/person\/21d3288dfdda735a7c37eb00030560b7"},"headline":"Tourisme d&rsquo;affaires : l&rsquo;\u00cele-de-France franchit un cap en 2025","datePublished":"2026-09-02T15:40:51+00:00","dateModified":"2026-09-02T15:40:52+00:00","mainEntityOfPage":{"@id":"https:\/\/www.voyages-d-affaires.com\/tourisme-affaires-ile-de-france"},"wordCount":450,"image":{"@id":"https:\/\/www.voyages-d-affaires.com\/tourisme-affaires-ile-de-france#primaryimage"},"thumbnailUrl":"https:\/\/www.voyages-d-affaires.com\/wp-content\/uploads\/2026\/09\/iftm-club-affaires-b.jpg","keywords":["Paris","MICE","congr\u00e8s","salons professionnels","France Meetings"],"articleSection":["Meetings et Ev\u00e8nements"],"inLanguage":"en-GB"},{"@type":"WebPage","@id":"https:\/\/www.voyages-d-affaires.com\/tourisme-affaires-ile-de-france","url":"https:\/\/www.voyages-d-affaires.com\/tourisme-affaires-ile-de-france","name":"Trade fairs and congresses: the 2025 review by the CCI Paris Ile-de-France","isPartOf":{"@id":"https:\/\/www.voyages-d-affaires.com\/#website"},"primaryImageOfPage":{"@id":"https:\/\/www.voyages-d-affaires.com\/tourisme-affaires-ile-de-france#primaryimage"},"image":{"@id":"https:\/\/www.voyages-d-affaires.com\/tourisme-affaires-ile-de-france#primaryimage"},"thumbnailUrl":"https:\/\/www.voyages-d-affaires.com\/wp-content\/uploads\/2026\/09\/iftm-club-affaires-b.jpg","datePublished":"2026-09-02T15:40:51+00:00","dateModified":"2026-09-02T15:40:52+00:00","author":{"@id":"https:\/\/www.voyages-d-affaires.com\/#\/schema\/person\/21d3288dfdda735a7c37eb00030560b7"},"description":"Footfall, economic impact, foreign clientele: what the 2025 review by the CCI Paris Ile-de-France reveals.","breadcrumb":{"@id":"https:\/\/www.voyages-d-affaires.com\/tourisme-affaires-ile-de-france#breadcrumb"},"inLanguage":"en-GB","potentialAction":[{"@type":"ReadAction","target":["https:\/\/www.voyages-d-affaires.com\/tourisme-affaires-ile-de-france"]}]},{"@type":"ImageObject","inLanguage":"en-GB","@id":"https:\/\/www.voyages-d-affaires.com\/tourisme-affaires-ile-de-france#primaryimage","url":"https:\/\/www.voyages-d-affaires.com\/wp-content\/uploads\/2026\/09\/iftm-club-affaires-b.jpg","contentUrl":"https:\/\/www.voyages-d-affaires.com\/wp-content\/uploads\/2026\/09\/iftm-club-affaires-b.jpg","width":650,"height":434,"caption":"Alors que le salon IFTM s'appr\u00eate \u00e0 ouvrir ses portes, la CCI Paris Ile-de-France d\u00e9voile son bilan d'activit\u00e9 des parcs d'exposition et de congr\u00e8s franciliens"},{"@type":"BreadcrumbList","@id":"https:\/\/www.voyages-d-affaires.com\/tourisme-affaires-ile-de-france#breadcrumb","itemListElement":[{"@type":"ListItem","position":1,"name":"Accueil","item":"https:\/\/www.voyages-d-affaires.com\/"},{"@type":"ListItem","position":2,"name":"Tourisme d&rsquo;affaires : l&rsquo;\u00cele-de-France franchit un cap en 2025"}]},{"@type":"WebSite","@id":"https:\/\/www.voyages-d-affaires.com\/#website","url":"https:\/\/www.voyages-d-affaires.com\/","name":"Business travel","description":"THE FRENCH BUSINESS TRAVEL &amp; MICE MEDIA","potentialAction":[{"@type":"SearchAction","target":{"@type":"EntryPoint","urlTemplate":"https:\/\/www.voyages-d-affaires.com\/?s={search_term_string}"},"query-input":{"@type":"PropertyValueSpecification","valueRequired":true,"valueName":"search_term_string"}}],"inLanguage":"en-GB"},{"@type":"Person","@id":"https:\/\/www.voyages-d-affaires.com\/#\/schema\/person\/21d3288dfdda735a7c37eb00030560b7","name":"Florian Guillemin","url":"https:\/\/www.voyages-d-affaires.com\/en\/author\/florian"}]}},"_links":{"self":[{"href":"https:\/\/www.voyages-d-affaires.com\/en\/wp-json\/wp\/v2\/posts\/228761","targetHints":{"allow":["GET"]}}],"collection":[{"href":"https:\/\/www.voyages-d-affaires.com\/en\/wp-json\/wp\/v2\/posts"}],"about":[{"href":"https:\/\/www.voyages-d-affaires.com\/en\/wp-json\/wp\/v2\/types\/post"}],"author":[{"embeddable":true,"href":"https:\/\/www.voyages-d-affaires.com\/en\/wp-json\/wp\/v2\/users\/17"}],"replies":[{"embeddable":true,"href":"https:\/\/www.voyages-d-affaires.com\/en\/wp-json\/wp\/v2\/comments?post=228761"}],"version-history":[{"count":4,"href":"https:\/\/www.voyages-d-affaires.com\/en\/wp-json\/wp\/v2\/posts\/228761\/revisions"}],"predecessor-version":[{"id":228777,"href":"https:\/\/www.voyages-d-affaires.com\/en\/wp-json\/wp\/v2\/posts\/228761\/revisions\/228777"}],"wp:featuredmedia":[{"embeddable":true,"href":"https:\/\/www.voyages-d-affaires.com\/en\/wp-json\/wp\/v2\/media\/228763"}],"wp:attachment":[{"href":"https:\/\/www.voyages-d-affaires.com\/en\/wp-json\/wp\/v2\/media?parent=228761"}],"wp:term":[{"taxonomy":"category","embeddable":true,"href":"https:\/\/www.voyages-d-affaires.com\/en\/wp-json\/wp\/v2\/categories?post=228761"},{"taxonomy":"post_tag","embeddable":true,"href":"https:\/\/www.voyages-d-affaires.com\/en\/wp-json\/wp\/v2\/tags?post=228761"},{"taxonomy":"type-darticle","embeddable":true,"href":"https:\/\/www.voyages-d-affaires.com\/en\/wp-json\/wp\/v2\/type-darticle?post=228761"},{"taxonomy":"n_magazine","embeddable":true,"href":"https:\/\/www.voyages-d-affaires.com\/en\/wp-json\/wp\/v2\/n_magazine?post=228761"}],"curies":[{"name":"wp","href":"https:\/\/api.w.org\/{rel}","templated":true}]}}