{"id":228889,"date":"2026-09-04T16:32:29","date_gmt":"2026-09-04T14:32:29","guid":{"rendered":"https:\/\/www.voyages-d-affaires.com\/?p=228889"},"modified":"2026-09-04T16:32:29","modified_gmt":"2026-09-04T14:32:29","slug":"air-canada-basel-mulhouse-montreal-nice-toronto-2027","status":"publish","type":"post","link":"https:\/\/www.voyages-d-affaires.com\/en\/air-canada-bale-mulhouse-montreal-nice-toronto-2027","title":{"rendered":"Air Canada will launch flights to Basel-Mulhouse and start operating Nice-Toronto in 2027"},"content":{"rendered":"<p class=\"wp-block-paragraph\"><\/p>\n\n\n\n<p>France will be one of the major beneficiaries of a significant expansion of Air Canada's network next spring.<\/p>\n<p><a href=\"https:\/\/www.voyages-d-affaires.com\/en\/air-canada-mobility-aids-relaxes-rules\/\">Air Canada<\/a> It plans to increase its international capacity by more than 8% compared with summer 2026. Its schedule will include more than 125 international routes, with up to 169,000 seats per week connecting Canada to more than 85 destinations in Europe, the Asia-Pacific region, Latin America, the Caribbean and Central America.<\/p>\n<p>Among the new routes, two are of particular interest to the French and Swiss markets: a direct flight between Toronto and Nice, as well as a Montreal-Basel-Mulhouse service.<\/p>\n<p>The Toronto-Nice route will operate twice a week from 16 June to 23 October 2027.<br \/>Flights will operate on Wednesdays and Saturdays. This new route will complement the seasonal service already offered between Montreal and Nice.<\/p>\n<p>Air Canada will thus have a strengthened offering to the C\u00f4te d'Azur, with potentially a daily service between Canada and Nice during the summer season.\u00a0<\/p>\n<p>Switzerland will also benefit from Air Canada\u2019s summer 2027 flight schedule with a new Montreal\u2013Basel-Mulhouse route. The route will be operated four times a week starting from 16 June 2027, using an Airbus A321XLR. Return flights will begin on 17 June.<\/p>\n<p>Air Canada will become the only North American airline to serve eastern France as well as the three main Swiss cities: Zurich, Geneva and Basel.<\/p>\n<h2>A French and Swiss network already well-established<\/h2>\n<p>Air Canada currently serves several French cities directly from Canada. From Paris-Charles-de-Gaulle, the airline offers flights to Montreal, Toronto and Vancouver. Regionally, the Canadian carrier serves Montreal from Lyon, Marseille, Nice, Toulouse and, as of this year, Nantes with a seasonal route.\u00a0<\/p>\n<p>In Switzerland, Air Canada\u2019s network currently includes Geneva-Montreal, Geneva-Toronto, Zurich-Toronto, and Zurich-Vancouver.<\/p>\n<p>Note that the airline has also announced new routes from Toronto to Oslo and Shannon (Ireland) as well as from Montreal to Dubrovnik. Finally, from Vancouver, Air Canada will offer a new year-round route to Guangzhou next spring.\u00a0<br \/><br \/><\/p>","protected":false},"excerpt":{"rendered":"<p>Air Canada is preparing a major international push for the summer of 2027. The Canadian airline has announced its largest intercontinental expansion to date, featuring five new international destinations and seven new routes departing from its three Canadian hubs.<\/p>","protected":false},"author":21,"featured_media":205589,"comment_status":"closed","ping_status":"closed","sticky":false,"template":"","format":"standard","meta":{"_acf_changed":false,"footnotes":""},"categories":[59],"tags":[1207,2107,133,1181],"type-darticle":[52],"n_magazine":[],"class_list":["post-228889","post","type-post","status-publish","format-standard","has-post-thumbnail","hentry","category-aerien","tag-canada","tag-transport-aerien","tag-aeroports","tag-nice","type-darticle-breve","vapo-free"],"acf":[],"yoast_head":"<!-- This site is optimized with the Yoast SEO Premium plugin v28.4 (Yoast SEO v28.4) - https:\/\/yoast.com\/product\/yoast-seo-premium-wordpress\/ -->\n<title>Air Canada desservira B\u00e2le-Montr\u00e9al et Nice-Toronto en 2027<\/title>\n<meta name=\"description\" content=\"Air Canada va conna\u00eetre un \u00e9t\u00e9 de tous les records en 2027 avec l&#039;inauguration de six nouvelles lignes dont deux en France.\" \/>\n<meta name=\"robots\" content=\"index, follow, max-snippet:-1, max-image-preview:large, max-video-preview:-1\" \/>\n<link rel=\"canonical\" href=\"https:\/\/www.voyages-d-affaires.com\/en\/air-canada-basel-mulhouse-montreal-nice-toronto-2027\/\" \/>\n<meta property=\"og:locale\" content=\"en_GB\" \/>\n<meta property=\"og:type\" content=\"article\" \/>\n<meta property=\"og:title\" content=\"Air Canada d\u00e9barquera \u00e0 B\u00e2le-Mulhouse et se lancera sur Nice-Toronto en 2027\" \/>\n<meta property=\"og:description\" content=\"Air Canada va conna\u00eetre un \u00e9t\u00e9 de tous les records en 2027 avec l&#039;inauguration de six nouvelles lignes dont deux en France.\" \/>\n<meta property=\"og:url\" content=\"https:\/\/www.voyages-d-affaires.com\/en\/air-canada-basel-mulhouse-montreal-nice-toronto-2027\/\" \/>\n<meta property=\"og:site_name\" content=\"Voyages d&#039;affaires\" \/>\n<meta property=\"article:published_time\" content=\"2026-09-04T14:32:29+00:00\" \/>\n<meta property=\"og:image\" content=\"https:\/\/www.voyages-d-affaires.com\/wp-content\/uploads\/2025\/08\/air-canada-c.jpg\" \/>\n\t<meta property=\"og:image:width\" content=\"650\" \/>\n\t<meta property=\"og:image:height\" content=\"433\" \/>\n\t<meta property=\"og:image:type\" content=\"image\/jpeg\" \/>\n<meta name=\"author\" content=\"Luc Citrinot\" \/>\n<meta name=\"twitter:card\" content=\"summary_large_image\" \/>\n<meta name=\"twitter:label1\" content=\"Written by\" \/>\n\t<meta name=\"twitter:data1\" content=\"Luc Citrinot\" \/>\n\t<meta name=\"twitter:label2\" content=\"Estimated reading time\" \/>\n\t<meta name=\"twitter:data2\" content=\"2 minutes\" \/>\n<script type=\"application\/ld+json\" class=\"yoast-schema-graph\">{\"@context\":\"https:\\\/\\\/schema.org\",\"@graph\":[{\"@type\":\"Article\",\"@id\":\"https:\\\/\\\/www.voyages-d-affaires.com\\\/air-canada-bale-mulhouse-montreal-nice-toronto-2027#article\",\"isPartOf\":{\"@id\":\"https:\\\/\\\/www.voyages-d-affaires.com\\\/air-canada-bale-mulhouse-montreal-nice-toronto-2027\"},\"author\":{\"name\":\"Luc Citrinot\",\"@id\":\"https:\\\/\\\/www.voyages-d-affaires.com\\\/#\\\/schema\\\/person\\\/c74b2eea412d55da7482e81e95f8edc3\"},\"headline\":\"Air Canada d\u00e9barquera \u00e0 B\u00e2le-Mulhouse et se lancera sur Nice-Toronto en 2027\",\"datePublished\":\"2026-09-04T14:32:29+00:00\",\"mainEntityOfPage\":{\"@id\":\"https:\\\/\\\/www.voyages-d-affaires.com\\\/air-canada-bale-mulhouse-montreal-nice-toronto-2027\"},\"wordCount\":382,\"image\":{\"@id\":\"https:\\\/\\\/www.voyages-d-affaires.com\\\/air-canada-bale-mulhouse-montreal-nice-toronto-2027#primaryimage\"},\"thumbnailUrl\":\"https:\\\/\\\/www.voyages-d-affaires.com\\\/wp-content\\\/uploads\\\/2025\\\/08\\\/air-canada-c.jpg\",\"keywords\":[\"Canada\",\"transport a\u00e9rien\",\"a\u00e9roports\",\"Nice\"],\"articleSection\":[\"A\u00e9rien\"],\"inLanguage\":\"en-GB\"},{\"@type\":\"WebPage\",\"@id\":\"https:\\\/\\\/www.voyages-d-affaires.com\\\/air-canada-bale-mulhouse-montreal-nice-toronto-2027\",\"url\":\"https:\\\/\\\/www.voyages-d-affaires.com\\\/air-canada-bale-mulhouse-montreal-nice-toronto-2027\",\"name\":\"Air Canada desservira B\u00e2le-Montr\u00e9al et Nice-Toronto en 2027\",\"isPartOf\":{\"@id\":\"https:\\\/\\\/www.voyages-d-affaires.com\\\/#website\"},\"primaryImageOfPage\":{\"@id\":\"https:\\\/\\\/www.voyages-d-affaires.com\\\/air-canada-bale-mulhouse-montreal-nice-toronto-2027#primaryimage\"},\"image\":{\"@id\":\"https:\\\/\\\/www.voyages-d-affaires.com\\\/air-canada-bale-mulhouse-montreal-nice-toronto-2027#primaryimage\"},\"thumbnailUrl\":\"https:\\\/\\\/www.voyages-d-affaires.com\\\/wp-content\\\/uploads\\\/2025\\\/08\\\/air-canada-c.jpg\",\"datePublished\":\"2026-09-04T14:32:29+00:00\",\"author\":{\"@id\":\"https:\\\/\\\/www.voyages-d-affaires.com\\\/#\\\/schema\\\/person\\\/c74b2eea412d55da7482e81e95f8edc3\"},\"description\":\"Air Canada va conna\u00eetre un \u00e9t\u00e9 de tous les records en 2027 avec l'inauguration de six nouvelles lignes dont deux en France.\",\"breadcrumb\":{\"@id\":\"https:\\\/\\\/www.voyages-d-affaires.com\\\/air-canada-bale-mulhouse-montreal-nice-toronto-2027#breadcrumb\"},\"inLanguage\":\"en-GB\",\"potentialAction\":[{\"@type\":\"ReadAction\",\"target\":[\"https:\\\/\\\/www.voyages-d-affaires.com\\\/air-canada-bale-mulhouse-montreal-nice-toronto-2027\"]}]},{\"@type\":\"ImageObject\",\"inLanguage\":\"en-GB\",\"@id\":\"https:\\\/\\\/www.voyages-d-affaires.com\\\/air-canada-bale-mulhouse-montreal-nice-toronto-2027#primaryimage\",\"url\":\"https:\\\/\\\/www.voyages-d-affaires.com\\\/wp-content\\\/uploads\\\/2025\\\/08\\\/air-canada-c.jpg\",\"contentUrl\":\"https:\\\/\\\/www.voyages-d-affaires.com\\\/wp-content\\\/uploads\\\/2025\\\/08\\\/air-canada-c.jpg\",\"width\":650,\"height\":433},{\"@type\":\"BreadcrumbList\",\"@id\":\"https:\\\/\\\/www.voyages-d-affaires.com\\\/air-canada-bale-mulhouse-montreal-nice-toronto-2027#breadcrumb\",\"itemListElement\":[{\"@type\":\"ListItem\",\"position\":1,\"name\":\"Accueil\",\"item\":\"https:\\\/\\\/www.voyages-d-affaires.com\\\/\"},{\"@type\":\"ListItem\",\"position\":2,\"name\":\"Air Canada d\u00e9barquera \u00e0 B\u00e2le-Mulhouse et se lancera sur Nice-Toronto en 2027\"}]},{\"@type\":\"WebSite\",\"@id\":\"https:\\\/\\\/www.voyages-d-affaires.com\\\/#website\",\"url\":\"https:\\\/\\\/www.voyages-d-affaires.com\\\/\",\"name\":\"Voyages d&#039;affaires\",\"description\":\"media fran\u00e7ais du Voyage d&#039;Affaires &amp; du MICE\",\"potentialAction\":[{\"@type\":\"SearchAction\",\"target\":{\"@type\":\"EntryPoint\",\"urlTemplate\":\"https:\\\/\\\/www.voyages-d-affaires.com\\\/?s={search_term_string}\"},\"query-input\":{\"@type\":\"PropertyValueSpecification\",\"valueRequired\":true,\"valueName\":\"search_term_string\"}}],\"inLanguage\":\"en-GB\"},{\"@type\":\"Person\",\"@id\":\"https:\\\/\\\/www.voyages-d-affaires.com\\\/#\\\/schema\\\/person\\\/c74b2eea412d55da7482e81e95f8edc3\",\"name\":\"Luc Citrinot\",\"url\":\"https:\\\/\\\/www.voyages-d-affaires.com\\\/en\\\/author\\\/luccitrinot\"}]}<\/script>\n<!-- \/ Yoast SEO Premium plugin. -->","yoast_head_json":{"title":"Air Canada will operate Basel\u2013Montreal and Nice\u2013Toronto routes in 2027","description":"Air Canada is set to have a record-breaking summer in 2027 with the launch of six new routes, including two in France.","robots":{"index":"index","follow":"follow","max-snippet":"max-snippet:-1","max-image-preview":"max-image-preview:large","max-video-preview":"max-video-preview:-1"},"canonical":"https:\/\/www.voyages-d-affaires.com\/en\/air-canada-basel-mulhouse-montreal-nice-toronto-2027\/","og_locale":"en_GB","og_type":"article","og_title":"Air Canada d\u00e9barquera \u00e0 B\u00e2le-Mulhouse et se lancera sur Nice-Toronto en 2027","og_description":"Air Canada va conna\u00eetre un \u00e9t\u00e9 de tous les records en 2027 avec l'inauguration de six nouvelles lignes dont deux en France.","og_url":"https:\/\/www.voyages-d-affaires.com\/en\/air-canada-basel-mulhouse-montreal-nice-toronto-2027\/","og_site_name":"Voyages d&#039;affaires","article_published_time":"2026-09-04T14:32:29+00:00","og_image":[{"width":650,"height":433,"url":"https:\/\/www.voyages-d-affaires.com\/wp-content\/uploads\/2025\/08\/air-canada-c.jpg","type":"image\/jpeg"}],"author":"Luc Citrinot","twitter_card":"summary_large_image","twitter_misc":{"Written by":"Luc Citrinot","Estimated reading time":"2 minutes"},"schema":{"@context":"https:\/\/schema.org","@graph":[{"@type":"Article","@id":"https:\/\/www.voyages-d-affaires.com\/air-canada-bale-mulhouse-montreal-nice-toronto-2027#article","isPartOf":{"@id":"https:\/\/www.voyages-d-affaires.com\/air-canada-bale-mulhouse-montreal-nice-toronto-2027"},"author":{"name":"Luc Citrinot","@id":"https:\/\/www.voyages-d-affaires.com\/#\/schema\/person\/c74b2eea412d55da7482e81e95f8edc3"},"headline":"Air Canada d\u00e9barquera \u00e0 B\u00e2le-Mulhouse et se lancera sur Nice-Toronto en 2027","datePublished":"2026-09-04T14:32:29+00:00","mainEntityOfPage":{"@id":"https:\/\/www.voyages-d-affaires.com\/air-canada-bale-mulhouse-montreal-nice-toronto-2027"},"wordCount":382,"image":{"@id":"https:\/\/www.voyages-d-affaires.com\/air-canada-bale-mulhouse-montreal-nice-toronto-2027#primaryimage"},"thumbnailUrl":"https:\/\/www.voyages-d-affaires.com\/wp-content\/uploads\/2025\/08\/air-canada-c.jpg","keywords":["Canada","transport a\u00e9rien","a\u00e9roports","Nice"],"articleSection":["A\u00e9rien"],"inLanguage":"en-GB"},{"@type":"WebPage","@id":"https:\/\/www.voyages-d-affaires.com\/air-canada-bale-mulhouse-montreal-nice-toronto-2027","url":"https:\/\/www.voyages-d-affaires.com\/air-canada-bale-mulhouse-montreal-nice-toronto-2027","name":"Air Canada will operate Basel\u2013Montreal and Nice\u2013Toronto routes in 2027","isPartOf":{"@id":"https:\/\/www.voyages-d-affaires.com\/#website"},"primaryImageOfPage":{"@id":"https:\/\/www.voyages-d-affaires.com\/air-canada-bale-mulhouse-montreal-nice-toronto-2027#primaryimage"},"image":{"@id":"https:\/\/www.voyages-d-affaires.com\/air-canada-bale-mulhouse-montreal-nice-toronto-2027#primaryimage"},"thumbnailUrl":"https:\/\/www.voyages-d-affaires.com\/wp-content\/uploads\/2025\/08\/air-canada-c.jpg","datePublished":"2026-09-04T14:32:29+00:00","author":{"@id":"https:\/\/www.voyages-d-affaires.com\/#\/schema\/person\/c74b2eea412d55da7482e81e95f8edc3"},"description":"Air Canada is set to have a record-breaking summer in 2027 with the launch of six new routes, including two in France.","breadcrumb":{"@id":"https:\/\/www.voyages-d-affaires.com\/air-canada-bale-mulhouse-montreal-nice-toronto-2027#breadcrumb"},"inLanguage":"en-GB","potentialAction":[{"@type":"ReadAction","target":["https:\/\/www.voyages-d-affaires.com\/air-canada-bale-mulhouse-montreal-nice-toronto-2027"]}]},{"@type":"ImageObject","inLanguage":"en-GB","@id":"https:\/\/www.voyages-d-affaires.com\/air-canada-bale-mulhouse-montreal-nice-toronto-2027#primaryimage","url":"https:\/\/www.voyages-d-affaires.com\/wp-content\/uploads\/2025\/08\/air-canada-c.jpg","contentUrl":"https:\/\/www.voyages-d-affaires.com\/wp-content\/uploads\/2025\/08\/air-canada-c.jpg","width":650,"height":433},{"@type":"BreadcrumbList","@id":"https:\/\/www.voyages-d-affaires.com\/air-canada-bale-mulhouse-montreal-nice-toronto-2027#breadcrumb","itemListElement":[{"@type":"ListItem","position":1,"name":"Accueil","item":"https:\/\/www.voyages-d-affaires.com\/"},{"@type":"ListItem","position":2,"name":"Air Canada d\u00e9barquera \u00e0 B\u00e2le-Mulhouse et se lancera sur Nice-Toronto en 2027"}]},{"@type":"WebSite","@id":"https:\/\/www.voyages-d-affaires.com\/#website","url":"https:\/\/www.voyages-d-affaires.com\/","name":"Business travel","description":"THE FRENCH BUSINESS TRAVEL &amp; MICE MEDIA","potentialAction":[{"@type":"SearchAction","target":{"@type":"EntryPoint","urlTemplate":"https:\/\/www.voyages-d-affaires.com\/?s={search_term_string}"},"query-input":{"@type":"PropertyValueSpecification","valueRequired":true,"valueName":"search_term_string"}}],"inLanguage":"en-GB"},{"@type":"Person","@id":"https:\/\/www.voyages-d-affaires.com\/#\/schema\/person\/c74b2eea412d55da7482e81e95f8edc3","name":"Luc Citrinot","url":"https:\/\/www.voyages-d-affaires.com\/en\/author\/luccitrinot"}]}},"_links":{"self":[{"href":"https:\/\/www.voyages-d-affaires.com\/en\/wp-json\/wp\/v2\/posts\/228889","targetHints":{"allow":["GET"]}}],"collection":[{"href":"https:\/\/www.voyages-d-affaires.com\/en\/wp-json\/wp\/v2\/posts"}],"about":[{"href":"https:\/\/www.voyages-d-affaires.com\/en\/wp-json\/wp\/v2\/types\/post"}],"author":[{"embeddable":true,"href":"https:\/\/www.voyages-d-affaires.com\/en\/wp-json\/wp\/v2\/users\/21"}],"replies":[{"embeddable":true,"href":"https:\/\/www.voyages-d-affaires.com\/en\/wp-json\/wp\/v2\/comments?post=228889"}],"version-history":[{"count":3,"href":"https:\/\/www.voyages-d-affaires.com\/en\/wp-json\/wp\/v2\/posts\/228889\/revisions"}],"predecessor-version":[{"id":228999,"href":"https:\/\/www.voyages-d-affaires.com\/en\/wp-json\/wp\/v2\/posts\/228889\/revisions\/228999"}],"wp:featuredmedia":[{"embeddable":true,"href":"https:\/\/www.voyages-d-affaires.com\/en\/wp-json\/wp\/v2\/media\/205589"}],"wp:attachment":[{"href":"https:\/\/www.voyages-d-affaires.com\/en\/wp-json\/wp\/v2\/media?parent=228889"}],"wp:term":[{"taxonomy":"category","embeddable":true,"href":"https:\/\/www.voyages-d-affaires.com\/en\/wp-json\/wp\/v2\/categories?post=228889"},{"taxonomy":"post_tag","embeddable":true,"href":"https:\/\/www.voyages-d-affaires.com\/en\/wp-json\/wp\/v2\/tags?post=228889"},{"taxonomy":"type-darticle","embeddable":true,"href":"https:\/\/www.voyages-d-affaires.com\/en\/wp-json\/wp\/v2\/type-darticle?post=228889"},{"taxonomy":"n_magazine","embeddable":true,"href":"https:\/\/www.voyages-d-affaires.com\/en\/wp-json\/wp\/v2\/n_magazine?post=228889"}],"curies":[{"name":"wp","href":"https:\/\/api.w.org\/{rel}","templated":true}]}}