{"id":228905,"date":"2026-09-04T11:26:11","date_gmt":"2026-09-04T09:26:11","guid":{"rendered":"https:\/\/www.voyages-d-affaires.com\/?p=228905"},"modified":"2026-09-04T11:26:12","modified_gmt":"2026-09-04T09:26:12","slug":"navan-barometer-france-train-battle-plane","status":"publish","type":"post","link":"https:\/\/www.voyages-d-affaires.com\/en\/barometre-navan-france-train-bataille-avion","title":{"rendered":"Navan Barometer: in France, the train has won the battle against the plane"},"content":{"rendered":"<p><\/p>\n\n\n\n<p class=\"wp-block-paragraph\"><strong>Navan <\/strong>has published its 2026 Business Travel Barometer, based on its own booking data. In France, rail accounts for 85.6 % of domestic business journeys. This figure places the country fifth in Europe, behind Belgium (99.8 %), the Netherlands (99.6 %), Switzerland (97.8 %) and the United Kingdom (91.1 %), but well ahead of Austria (83 %), Germany (70 %), Italy (66.7 %) and Spain (49 %).<\/p>\n\n\n\n<p class=\"wp-block-paragraph\">For Zahir Abdelouhab, Senior Vice President EMEA at Navan, this dominance of rail is driven above and beyond environmental goals by travellers making a pragmatic calculation. \u00ab <em>The productivity gain and convenience offered by the TGV network end up winning people over<\/em> \u00bb, he explains. He highlights in particular the lack of airport security checks, the saving on transfers between the airport and the city centre, and the possibility of working without interruption thanks to a stable Wi-Fi connection on board.<\/p>\n\n\n\n<aside class=\"wp-block-varenne-link-block\"><p><a href=\"https:\/\/www.voyages-d-affaires.com\/en\/navan-train-vs-plane\/\" data-id=\"149391\">Train Vs Plane: Navan releases the comparator<\/a><\/p><\/aside>\n\n\n\n<h2 id=\"h-un-reseau-a-grande-vitesse-porte-par-un-cadre-reglementaire-favorable\" class=\"wp-block-heading\">A high-speed network supported by a favourable regulatory framework<\/h2>\n\n\n\n<p class=\"wp-block-paragraph\">From Paris, major economic hubs such as Lyon, Lille, Bordeaux and Marseille remain quickly accessible from city centre to city centre, a reliability that distinguishes France from Germany, where lower fares have nevertheless failed to achieve an equivalent adoption rate for rail on business journeys. The legal framework reinforces this momentum: since May 2023, the law has banned regular passenger flights whenever a direct rail alternative of less than two and a half hours exists. Added to this is the growing pressure of corporate low-carbon strategies, aligned with the carbon neutrality target set for 2050 by the National Low-Carbon Strategy, which is pushing organisations to measure and reduce emissions linked to their travel.<\/p>\n\n\n\n<aside class=\"wp-block-varenne-link-block\"><p><a href=\"https:\/\/www.voyages-d-affaires.com\/en\/navan-career-destinations\/\" data-id=\"225407\">Navan unveils ranking of top business destinations<\/a><\/p><\/aside>\n\n\n<div class=\"wp-block-image\">\n<figure class=\"aligncenter size-full\"><img loading=\"lazy\" decoding=\"async\" width=\"650\" height=\"488\" src=\"https:\/\/www.voyages-d-affaires.com\/wp-content\/uploads\/2026\/09\/train-affaires.jpg\" alt=\"Navan publishes its 2026 business travel barometer\" class=\"wp-image-228923\" srcset=\"https:\/\/www.voyages-d-affaires.com\/wp-content\/uploads\/2026\/09\/train-affaires.jpg 650w, https:\/\/www.voyages-d-affaires.com\/wp-content\/uploads\/2026\/09\/train-affaires-300x225-derived.jpg 300w, https:\/\/www.voyages-d-affaires.com\/wp-content\/uploads\/2026\/09\/train-affaires-16x12-derived.jpg 16w, https:\/\/www.voyages-d-affaires.com\/wp-content\/uploads\/2026\/09\/train-affaires-80x60-derived.jpg 80w, https:\/\/www.voyages-d-affaires.com\/wp-content\/uploads\/2026\/09\/train-affaires-265x198-derived.jpg 265w\" sizes=\"auto, (max-width: 650px) 100vw, 650px\" \/><figcaption class=\"wp-element-caption\"><em>Navan publishes its 2026 business travel barometer <\/em><\/figcaption><\/figure>\n<\/div>\n\n\n<h2 id=\"h-paris-toulouse-et-nice-paris-deux-exceptions-liees-a-la-geographie\" class=\"wp-block-heading\">Paris-Toulouse and Nice-Paris, two exceptions linked to geography<\/h2>\n\n\n\n<p class=\"wp-block-paragraph\">The survey confirms that domestic flights are holding up, particularly on routes where geographical factors limit direct rail alternatives. Air travel thus accounts for 76 % of bookings on the Paris\u2013Toulouse route and 95 % on the Nice\u2013Paris route, two routes not served by a direct high-speed rail link taking less than two and a half hours. Conversely, eight of the ten main French business corridors are still predominantly travelled by train, including Lille\u2013Paris and Paris\u2013Strasbourg at 100 %, Nantes\u2013Paris and Lyon\u2013Paris at 99 %, Bordeaux\u2013Paris at 98 %, Marseille\u2013Paris at 82 % and Montpellier\u2013Paris at 73 %. <\/p>\n\n\n\n<p>For businesses, these corridor-by-corridor differences provide a concrete benchmark: the travel policy can mandate the train without reservation on eight major routes, while retaining a margin of discretion for Nice-Paris and Paris-Toulouse, where the plane remains, for now, the only competitive direct option in terms of travel time.<\/p>","protected":false},"excerpt":{"rendered":"<p>According to Navan, rail accounts for 86 % of domestic business travel in France, driven by the TGV network, the law on short-haul flights and companies\u2019 low-carbon strategies.<\/p>","protected":false},"author":17,"featured_media":228933,"comment_status":"closed","ping_status":"closed","sticky":false,"template":"","format":"standard","meta":{"_acf_changed":false,"footnotes":""},"categories":[77,85],"tags":[2335,1431,1671,2067],"type-darticle":[52],"n_magazine":[],"class_list":["post-228905","post","type-post","status-publish","format-standard","has-post-thumbnail","hentry","category-agences","category-etudes-et-livresblancs","tag-rse","tag-train","tag-politique-voyages","tag-tmc","type-darticle-breve","vapo-free"],"acf":[],"yoast_head":"<!-- This site is optimized with the Yoast SEO Premium plugin v28.4 (Yoast SEO v28.4) - https:\/\/yoast.com\/product\/yoast-seo-premium-wordpress\/ -->\n<title>Barom\u00e8tre Navan : le train surclasse l&#039;avion en France<\/title>\n<meta name=\"description\" content=\"Selon le Barom\u00e8tre Navan, le train capte 86 % des trajets d&#039;affaires domestiques en France, avec un co\u00fbt au km parmi les plus bas d&#039;Europe.\" \/>\n<meta name=\"robots\" content=\"index, follow, max-snippet:-1, max-image-preview:large, max-video-preview:-1\" \/>\n<link rel=\"canonical\" href=\"https:\/\/www.voyages-d-affaires.com\/en\/navan-barometer-france-train-battle-plane\/\" \/>\n<meta property=\"og:locale\" content=\"en_GB\" \/>\n<meta property=\"og:type\" content=\"article\" \/>\n<meta property=\"og:title\" content=\"Barom\u00e8tre Navan : en France, le train a gagn\u00e9 la bataille contre l&#039;avion\" \/>\n<meta property=\"og:description\" content=\"Selon le Barom\u00e8tre Navan, le train capte 86 % des trajets d&#039;affaires domestiques en France, avec un co\u00fbt au km parmi les plus bas d&#039;Europe.\" \/>\n<meta property=\"og:url\" content=\"https:\/\/www.voyages-d-affaires.com\/en\/navan-barometer-france-train-battle-plane\/\" \/>\n<meta property=\"og:site_name\" content=\"Voyages d&#039;affaires\" \/>\n<meta property=\"article:published_time\" content=\"2026-09-04T09:26:11+00:00\" \/>\n<meta property=\"article:modified_time\" content=\"2026-09-04T09:26:12+00:00\" \/>\n<meta property=\"og:image\" content=\"https:\/\/www.voyages-d-affaires.com\/wp-content\/uploads\/2026\/09\/train-avion.jpg\" \/>\n\t<meta property=\"og:image:width\" content=\"650\" \/>\n\t<meta property=\"og:image:height\" content=\"363\" \/>\n\t<meta property=\"og:image:type\" content=\"image\/jpeg\" \/>\n<meta name=\"author\" content=\"Florian Guillemin\" \/>\n<meta name=\"twitter:card\" content=\"summary_large_image\" \/>\n<meta name=\"twitter:label1\" content=\"Written by\" \/>\n\t<meta name=\"twitter:data1\" content=\"Florian Guillemin\" \/>\n\t<meta name=\"twitter:label2\" content=\"Estimated reading time\" \/>\n\t<meta name=\"twitter:data2\" content=\"3 minutes\" \/>\n<script type=\"application\/ld+json\" class=\"yoast-schema-graph\">{\"@context\":\"https:\\\/\\\/schema.org\",\"@graph\":[{\"@type\":\"Article\",\"@id\":\"https:\\\/\\\/www.voyages-d-affaires.com\\\/barometre-navan-france-train-bataille-avion#article\",\"isPartOf\":{\"@id\":\"https:\\\/\\\/www.voyages-d-affaires.com\\\/barometre-navan-france-train-bataille-avion\"},\"author\":{\"name\":\"Florian Guillemin\",\"@id\":\"https:\\\/\\\/www.voyages-d-affaires.com\\\/#\\\/schema\\\/person\\\/21d3288dfdda735a7c37eb00030560b7\"},\"headline\":\"Barom\u00e8tre Navan : en France, le train a gagn\u00e9 la bataille contre l&rsquo;avion\",\"datePublished\":\"2026-09-04T09:26:11+00:00\",\"dateModified\":\"2026-09-04T09:26:12+00:00\",\"mainEntityOfPage\":{\"@id\":\"https:\\\/\\\/www.voyages-d-affaires.com\\\/barometre-navan-france-train-bataille-avion\"},\"wordCount\":467,\"image\":{\"@id\":\"https:\\\/\\\/www.voyages-d-affaires.com\\\/barometre-navan-france-train-bataille-avion#primaryimage\"},\"thumbnailUrl\":\"https:\\\/\\\/www.voyages-d-affaires.com\\\/wp-content\\\/uploads\\\/2026\\\/09\\\/train-avion.jpg\",\"keywords\":[\"RSE\",\"train\",\"politique voyages\",\"TMC\"],\"articleSection\":[\"Agences\",\"Etudes et livres blancs\"],\"inLanguage\":\"en-GB\"},{\"@type\":\"WebPage\",\"@id\":\"https:\\\/\\\/www.voyages-d-affaires.com\\\/barometre-navan-france-train-bataille-avion\",\"url\":\"https:\\\/\\\/www.voyages-d-affaires.com\\\/barometre-navan-france-train-bataille-avion\",\"name\":\"Barom\u00e8tre Navan : le train surclasse l'avion en France\",\"isPartOf\":{\"@id\":\"https:\\\/\\\/www.voyages-d-affaires.com\\\/#website\"},\"primaryImageOfPage\":{\"@id\":\"https:\\\/\\\/www.voyages-d-affaires.com\\\/barometre-navan-france-train-bataille-avion#primaryimage\"},\"image\":{\"@id\":\"https:\\\/\\\/www.voyages-d-affaires.com\\\/barometre-navan-france-train-bataille-avion#primaryimage\"},\"thumbnailUrl\":\"https:\\\/\\\/www.voyages-d-affaires.com\\\/wp-content\\\/uploads\\\/2026\\\/09\\\/train-avion.jpg\",\"datePublished\":\"2026-09-04T09:26:11+00:00\",\"dateModified\":\"2026-09-04T09:26:12+00:00\",\"author\":{\"@id\":\"https:\\\/\\\/www.voyages-d-affaires.com\\\/#\\\/schema\\\/person\\\/21d3288dfdda735a7c37eb00030560b7\"},\"description\":\"Selon le Barom\u00e8tre Navan, le train capte 86 % des trajets d'affaires domestiques en France, avec un co\u00fbt au km parmi les plus bas d'Europe.\",\"breadcrumb\":{\"@id\":\"https:\\\/\\\/www.voyages-d-affaires.com\\\/barometre-navan-france-train-bataille-avion#breadcrumb\"},\"inLanguage\":\"en-GB\",\"potentialAction\":[{\"@type\":\"ReadAction\",\"target\":[\"https:\\\/\\\/www.voyages-d-affaires.com\\\/barometre-navan-france-train-bataille-avion\"]}]},{\"@type\":\"ImageObject\",\"inLanguage\":\"en-GB\",\"@id\":\"https:\\\/\\\/www.voyages-d-affaires.com\\\/barometre-navan-france-train-bataille-avion#primaryimage\",\"url\":\"https:\\\/\\\/www.voyages-d-affaires.com\\\/wp-content\\\/uploads\\\/2026\\\/09\\\/train-avion.jpg\",\"contentUrl\":\"https:\\\/\\\/www.voyages-d-affaires.com\\\/wp-content\\\/uploads\\\/2026\\\/09\\\/train-avion.jpg\",\"width\":650,\"height\":363,\"caption\":\"Le train s'est largement impos\u00e9 pour les d\u00e9placements professionnels en France selon le Barom\u00e8tre Navan\"},{\"@type\":\"BreadcrumbList\",\"@id\":\"https:\\\/\\\/www.voyages-d-affaires.com\\\/barometre-navan-france-train-bataille-avion#breadcrumb\",\"itemListElement\":[{\"@type\":\"ListItem\",\"position\":1,\"name\":\"Accueil\",\"item\":\"https:\\\/\\\/www.voyages-d-affaires.com\\\/\"},{\"@type\":\"ListItem\",\"position\":2,\"name\":\"Barom\u00e8tre Navan : en France, le train a gagn\u00e9 la bataille contre l&rsquo;avion\"}]},{\"@type\":\"WebSite\",\"@id\":\"https:\\\/\\\/www.voyages-d-affaires.com\\\/#website\",\"url\":\"https:\\\/\\\/www.voyages-d-affaires.com\\\/\",\"name\":\"Voyages d&#039;affaires\",\"description\":\"media fran\u00e7ais du Voyage d&#039;Affaires &amp; du MICE\",\"potentialAction\":[{\"@type\":\"SearchAction\",\"target\":{\"@type\":\"EntryPoint\",\"urlTemplate\":\"https:\\\/\\\/www.voyages-d-affaires.com\\\/?s={search_term_string}\"},\"query-input\":{\"@type\":\"PropertyValueSpecification\",\"valueRequired\":true,\"valueName\":\"search_term_string\"}}],\"inLanguage\":\"en-GB\"},{\"@type\":\"Person\",\"@id\":\"https:\\\/\\\/www.voyages-d-affaires.com\\\/#\\\/schema\\\/person\\\/21d3288dfdda735a7c37eb00030560b7\",\"name\":\"Florian Guillemin\",\"url\":\"https:\\\/\\\/www.voyages-d-affaires.com\\\/en\\\/author\\\/florian\"}]}<\/script>\n<!-- \/ Yoast SEO Premium plugin. -->","yoast_head_json":{"title":"Navan Barometer: trains outperform planes in France","description":"According to the Navan Barometer, trains account for 86 % of domestic business travel in France, with a cost per kilometre that is among the lowest in Europe.","robots":{"index":"index","follow":"follow","max-snippet":"max-snippet:-1","max-image-preview":"max-image-preview:large","max-video-preview":"max-video-preview:-1"},"canonical":"https:\/\/www.voyages-d-affaires.com\/en\/navan-barometer-france-train-battle-plane\/","og_locale":"en_GB","og_type":"article","og_title":"Barom\u00e8tre Navan : en France, le train a gagn\u00e9 la bataille contre l'avion","og_description":"Selon le Barom\u00e8tre Navan, le train capte 86 % des trajets d'affaires domestiques en France, avec un co\u00fbt au km parmi les plus bas d'Europe.","og_url":"https:\/\/www.voyages-d-affaires.com\/en\/navan-barometer-france-train-battle-plane\/","og_site_name":"Voyages d&#039;affaires","article_published_time":"2026-09-04T09:26:11+00:00","article_modified_time":"2026-09-04T09:26:12+00:00","og_image":[{"width":650,"height":363,"url":"https:\/\/www.voyages-d-affaires.com\/wp-content\/uploads\/2026\/09\/train-avion.jpg","type":"image\/jpeg"}],"author":"Florian Guillemin","twitter_card":"summary_large_image","twitter_misc":{"Written by":"Florian Guillemin","Estimated reading time":"3 minutes"},"schema":{"@context":"https:\/\/schema.org","@graph":[{"@type":"Article","@id":"https:\/\/www.voyages-d-affaires.com\/barometre-navan-france-train-bataille-avion#article","isPartOf":{"@id":"https:\/\/www.voyages-d-affaires.com\/barometre-navan-france-train-bataille-avion"},"author":{"name":"Florian Guillemin","@id":"https:\/\/www.voyages-d-affaires.com\/#\/schema\/person\/21d3288dfdda735a7c37eb00030560b7"},"headline":"Barom\u00e8tre Navan : en France, le train a gagn\u00e9 la bataille contre l&rsquo;avion","datePublished":"2026-09-04T09:26:11+00:00","dateModified":"2026-09-04T09:26:12+00:00","mainEntityOfPage":{"@id":"https:\/\/www.voyages-d-affaires.com\/barometre-navan-france-train-bataille-avion"},"wordCount":467,"image":{"@id":"https:\/\/www.voyages-d-affaires.com\/barometre-navan-france-train-bataille-avion#primaryimage"},"thumbnailUrl":"https:\/\/www.voyages-d-affaires.com\/wp-content\/uploads\/2026\/09\/train-avion.jpg","keywords":["RSE","train","politique voyages","TMC"],"articleSection":["Agences","Etudes et livres blancs"],"inLanguage":"en-GB"},{"@type":"WebPage","@id":"https:\/\/www.voyages-d-affaires.com\/barometre-navan-france-train-bataille-avion","url":"https:\/\/www.voyages-d-affaires.com\/barometre-navan-france-train-bataille-avion","name":"Navan Barometer: trains outperform planes in France","isPartOf":{"@id":"https:\/\/www.voyages-d-affaires.com\/#website"},"primaryImageOfPage":{"@id":"https:\/\/www.voyages-d-affaires.com\/barometre-navan-france-train-bataille-avion#primaryimage"},"image":{"@id":"https:\/\/www.voyages-d-affaires.com\/barometre-navan-france-train-bataille-avion#primaryimage"},"thumbnailUrl":"https:\/\/www.voyages-d-affaires.com\/wp-content\/uploads\/2026\/09\/train-avion.jpg","datePublished":"2026-09-04T09:26:11+00:00","dateModified":"2026-09-04T09:26:12+00:00","author":{"@id":"https:\/\/www.voyages-d-affaires.com\/#\/schema\/person\/21d3288dfdda735a7c37eb00030560b7"},"description":"According to the Navan Barometer, trains account for 86 % of domestic business travel in France, with a cost per kilometre that is among the lowest in Europe.","breadcrumb":{"@id":"https:\/\/www.voyages-d-affaires.com\/barometre-navan-france-train-bataille-avion#breadcrumb"},"inLanguage":"en-GB","potentialAction":[{"@type":"ReadAction","target":["https:\/\/www.voyages-d-affaires.com\/barometre-navan-france-train-bataille-avion"]}]},{"@type":"ImageObject","inLanguage":"en-GB","@id":"https:\/\/www.voyages-d-affaires.com\/barometre-navan-france-train-bataille-avion#primaryimage","url":"https:\/\/www.voyages-d-affaires.com\/wp-content\/uploads\/2026\/09\/train-avion.jpg","contentUrl":"https:\/\/www.voyages-d-affaires.com\/wp-content\/uploads\/2026\/09\/train-avion.jpg","width":650,"height":363,"caption":"Le train s'est largement impos\u00e9 pour les d\u00e9placements professionnels en France selon le Barom\u00e8tre Navan"},{"@type":"BreadcrumbList","@id":"https:\/\/www.voyages-d-affaires.com\/barometre-navan-france-train-bataille-avion#breadcrumb","itemListElement":[{"@type":"ListItem","position":1,"name":"Accueil","item":"https:\/\/www.voyages-d-affaires.com\/"},{"@type":"ListItem","position":2,"name":"Barom\u00e8tre Navan : en France, le train a gagn\u00e9 la bataille contre l&rsquo;avion"}]},{"@type":"WebSite","@id":"https:\/\/www.voyages-d-affaires.com\/#website","url":"https:\/\/www.voyages-d-affaires.com\/","name":"Business travel","description":"THE FRENCH BUSINESS TRAVEL &amp; MICE MEDIA","potentialAction":[{"@type":"SearchAction","target":{"@type":"EntryPoint","urlTemplate":"https:\/\/www.voyages-d-affaires.com\/?s={search_term_string}"},"query-input":{"@type":"PropertyValueSpecification","valueRequired":true,"valueName":"search_term_string"}}],"inLanguage":"en-GB"},{"@type":"Person","@id":"https:\/\/www.voyages-d-affaires.com\/#\/schema\/person\/21d3288dfdda735a7c37eb00030560b7","name":"Florian Guillemin","url":"https:\/\/www.voyages-d-affaires.com\/en\/author\/florian"}]}},"_links":{"self":[{"href":"https:\/\/www.voyages-d-affaires.com\/en\/wp-json\/wp\/v2\/posts\/228905","targetHints":{"allow":["GET"]}}],"collection":[{"href":"https:\/\/www.voyages-d-affaires.com\/en\/wp-json\/wp\/v2\/posts"}],"about":[{"href":"https:\/\/www.voyages-d-affaires.com\/en\/wp-json\/wp\/v2\/types\/post"}],"author":[{"embeddable":true,"href":"https:\/\/www.voyages-d-affaires.com\/en\/wp-json\/wp\/v2\/users\/17"}],"replies":[{"embeddable":true,"href":"https:\/\/www.voyages-d-affaires.com\/en\/wp-json\/wp\/v2\/comments?post=228905"}],"version-history":[{"count":5,"href":"https:\/\/www.voyages-d-affaires.com\/en\/wp-json\/wp\/v2\/posts\/228905\/revisions"}],"predecessor-version":[{"id":228935,"href":"https:\/\/www.voyages-d-affaires.com\/en\/wp-json\/wp\/v2\/posts\/228905\/revisions\/228935"}],"wp:featuredmedia":[{"embeddable":true,"href":"https:\/\/www.voyages-d-affaires.com\/en\/wp-json\/wp\/v2\/media\/228933"}],"wp:attachment":[{"href":"https:\/\/www.voyages-d-affaires.com\/en\/wp-json\/wp\/v2\/media?parent=228905"}],"wp:term":[{"taxonomy":"category","embeddable":true,"href":"https:\/\/www.voyages-d-affaires.com\/en\/wp-json\/wp\/v2\/categories?post=228905"},{"taxonomy":"post_tag","embeddable":true,"href":"https:\/\/www.voyages-d-affaires.com\/en\/wp-json\/wp\/v2\/tags?post=228905"},{"taxonomy":"type-darticle","embeddable":true,"href":"https:\/\/www.voyages-d-affaires.com\/en\/wp-json\/wp\/v2\/type-darticle?post=228905"},{"taxonomy":"n_magazine","embeddable":true,"href":"https:\/\/www.voyages-d-affaires.com\/en\/wp-json\/wp\/v2\/n_magazine?post=228905"}],"curies":[{"name":"wp","href":"https:\/\/api.w.org\/{rel}","templated":true}]}}