{"id":56701,"date":"2017-01-10T15:51:21","date_gmt":"2017-01-10T14:51:21","guid":{"rendered":"https:\/\/www.voyages-d-affaires.com\/?p=56701"},"modified":"2022-01-18T18:43:06","modified_gmt":"2022-01-18T17:43:06","slug":"meeting-with-pierre-trudelle-project-manager-for-the-haute-autorite-de-santes-health-applications-reference-framework","status":"publish","type":"post","link":"https:\/\/www.voyages-d-affaires.com\/en\/rencontre-pierre-trudelle-chef-de-projet-referentiel-applis-sante-de-haute-autorite-de-sante","title":{"rendered":"Interview with : Pierre Trudelle, project manager for the Haute Autorit\u00e9 de Sant\u00e9's health app guidelines"},"content":{"rendered":"<h3>The French health authority (Haute Autorit\u00e9 de Sant\u00e9) has just published a guide to good practice.  For what purpose?<\/h3>\n<figure id=\"attachment_56705\" aria-describedby=\"caption-attachment-56705\" style=\"width: 300px\" class=\"wp-caption alignleft\"><a href=\"https:\/\/www.voyages-d-affaires.com\/wp-content\/uploads\/2017\/01\/Pierre_Trudelle.jpg\"><img loading=\"lazy\" decoding=\"async\" class=\"size-medium wp-image-56705\" src=\"https:\/\/www.voyages-d-affaires.com\/wp-content\/uploads\/2017\/01\/Pierre_Trudelle-265x198-derived.jpg\" alt=\"Pierre_Trudelle\" width=\"300\" height=\"204\" srcset=\"https:\/\/www.voyages-d-affaires.com\/wp-content\/uploads\/2017\/01\/Pierre_Trudelle-300x204-derived.jpg 300w, https:\/\/www.voyages-d-affaires.com\/wp-content\/uploads\/2017\/01\/Pierre_Trudelle.jpg 700w\" sizes=\"auto, (max-width: 300px) 100vw, 300px\" \/><\/a><figcaption id=\"caption-attachment-56705\" class=\"wp-caption-text\">Pierre Trudelle<\/figcaption><\/figure>\n<p>P. T. - The number of health apps is growing at a dizzying pace. Yet there is still no system in place to assess their reliability. This best practice guide is designed to pave the way for developers and professionals alike.<br \/>\nand patient associations. Visit<br \/>\nall with a view to boosting the market as a whole. We're at the beginning of a process of clarification, which should lead to the recommendation of apps that are more attractive to consumers.<br \/>\nwithin the next two years.<\/p>\n<h3>What are the risks associated with these health apps?<\/h3>\n<p>P. T. - I see three main issues: cyber security, data protection and the reliability of the medical content. For a user with no medical knowledge, this reliability is difficult to analyse. It's important to filter the AppStore and Google Store. There are grey areas regarding the safety of certain solutions. For example, activity trackers may estimate that you haven't run enough, when in fact you have, creating a risk of overtraining. Or blood pressure monitors that give an approximate assessment of blood pressure. Patients are completely autonomous, isolated from their medical environment. I would advise users to read the terms and conditions of applications carefully, and to look at who is funding the solution to see if there is a hidden purpose, such as collecting information about their behaviour or using geolocation to direct them to a particular healthcare professional, or even to direct them to one shop rather than another.<\/p>\n<h3>How do you see the future?<\/h3>\n<p>P. T. - We're at the beginning of a new digital era. We're moving towards a second generation of solutions, more precise and better adapted, which should appear by 2020. Over and above the questions we're currently asking, we can expect to see real benefits from connected healthcare, particularly in terms of improved compliance with treatment and better prevention. Which means less curative expenditure. At the same time, these solutions collect a wealth of patient data that is extremely important for academic research.<\/p>\n<p><strong><span style=\"color: #a71f31;\">Also in this dossier:\u00a0<\/span><\/strong><strong><a href=\"https:\/\/www.voyages-d-affaires.com\/en\/conseils-guillaume-marchand-cofondateur-de-dmd-sante-20170110.html\/\">Advice: Guillaume Marchand, co-founder of DMD Sant\u00e9<\/a><\/strong><\/p>","protected":false},"excerpt":{"rendered":"<p>\"There are grey areas regarding the safety of certain solutions\".<\/p>","protected":false},"author":19,"featured_media":0,"comment_status":"closed","ping_status":"closed","sticky":false,"template":"","format":"standard","meta":{"_acf_changed":false,"footnotes":""},"categories":[143],"tags":[],"type-darticle":[51],"n_magazine":[1737],"class_list":["post-56701","post","type-post","status-publish","format-standard","hentry","category-interviews","type-darticle-interview","n_magazine-n151","vapo-free"],"acf":[],"yoast_head":"<!-- This site is optimized with the Yoast SEO Premium plugin v28.4 (Yoast SEO v28.4) - https:\/\/yoast.com\/product\/yoast-seo-premium-wordpress\/ -->\n<title>Rencontre : Pierre Trudelle, chef de projet du r\u00e9f\u00e9rentiel sur les applis sant\u00e9 de la Haute autorit\u00e9 de sant\u00e9<\/title>\n<meta name=\"description\" content=\"&quot;Il y a des zones grises sur la s\u00fbret\u00e9 de certaines solutions&quot;\" \/>\n<meta name=\"robots\" content=\"index, follow, max-snippet:-1, max-image-preview:large, max-video-preview:-1\" \/>\n<link rel=\"canonical\" href=\"https:\/\/www.voyages-d-affaires.com\/en\/meeting-with-pierre-trudelle-project-manager-for-the-haute-autorite-de-santes-health-applications-reference-framework\" \/>\n<meta property=\"og:locale\" content=\"en_GB\" \/>\n<meta property=\"og:type\" content=\"article\" \/>\n<meta property=\"og:title\" content=\"Rencontre : Pierre Trudelle, chef de projet du r\u00e9f\u00e9rentiel sur les applis sant\u00e9 de la Haute autorit\u00e9 de sant\u00e9\" \/>\n<meta property=\"og:description\" content=\"&quot;Il y a des zones grises sur la s\u00fbret\u00e9 de certaines solutions&quot;\" \/>\n<meta property=\"og:url\" content=\"https:\/\/www.voyages-d-affaires.com\/en\/meeting-with-pierre-trudelle-project-manager-for-the-haute-autorite-de-santes-health-applications-reference-framework\" \/>\n<meta property=\"og:site_name\" content=\"Voyages d&#039;affaires\" \/>\n<meta property=\"article:published_time\" content=\"2017-01-10T14:51:21+00:00\" \/>\n<meta property=\"article:modified_time\" content=\"2022-01-18T17:43:06+00:00\" \/>\n<meta property=\"og:image\" content=\"https:\/\/www.voyages-d-affaires.com\/wp-content\/uploads\/2017\/01\/Pierre_Trudelle-265x198-derived.jpg\" \/>\n<meta name=\"author\" content=\"Arnaud Deltenre\" \/>\n<meta name=\"twitter:card\" content=\"summary_large_image\" \/>\n<meta name=\"twitter:label1\" content=\"Written by\" \/>\n\t<meta name=\"twitter:data1\" content=\"Arnaud Deltenre\" \/>\n\t<meta name=\"twitter:label2\" content=\"Estimated reading time\" \/>\n\t<meta name=\"twitter:data2\" content=\"2 minutes\" \/>\n<script type=\"application\/ld+json\" class=\"yoast-schema-graph\">{\"@context\":\"https:\\\/\\\/schema.org\",\"@graph\":[{\"@type\":\"Article\",\"@id\":\"https:\\\/\\\/www.voyages-d-affaires.com\\\/en\\\/rencontre-pierre-trudelle-chef-de-projet-referentiel-applis-sante-de-haute-autorite-de-sante#article\",\"isPartOf\":{\"@id\":\"https:\\\/\\\/www.voyages-d-affaires.com\\\/en\\\/rencontre-pierre-trudelle-chef-de-projet-referentiel-applis-sante-de-haute-autorite-de-sante\"},\"author\":{\"name\":\"Arnaud Deltenre\",\"@id\":\"https:\\\/\\\/www.voyages-d-affaires.com\\\/#\\\/schema\\\/person\\\/5c156f900a0e8a3db500e35c5be2647f\"},\"headline\":\"Rencontre : Pierre Trudelle, chef de projet du r\u00e9f\u00e9rentiel sur les applis sant\u00e9 de la Haute autorit\u00e9 de sant\u00e9\",\"datePublished\":\"2017-01-10T14:51:21+00:00\",\"dateModified\":\"2022-01-18T17:43:06+00:00\",\"mainEntityOfPage\":{\"@id\":\"https:\\\/\\\/www.voyages-d-affaires.com\\\/en\\\/rencontre-pierre-trudelle-chef-de-projet-referentiel-applis-sante-de-haute-autorite-de-sante\"},\"wordCount\":448,\"image\":{\"@id\":\"https:\\\/\\\/www.voyages-d-affaires.com\\\/en\\\/rencontre-pierre-trudelle-chef-de-projet-referentiel-applis-sante-de-haute-autorite-de-sante#primaryimage\"},\"thumbnailUrl\":\"https:\\\/\\\/www.voyages-d-affaires.com\\\/wp-content\\\/uploads\\\/2017\\\/01\\\/Pierre_Trudelle-265x198-derived.jpg\",\"articleSection\":[\"INTERVIEWS\"],\"inLanguage\":\"en-GB\"},{\"@type\":\"WebPage\",\"@id\":\"https:\\\/\\\/www.voyages-d-affaires.com\\\/en\\\/rencontre-pierre-trudelle-chef-de-projet-referentiel-applis-sante-de-haute-autorite-de-sante\",\"url\":\"https:\\\/\\\/www.voyages-d-affaires.com\\\/en\\\/rencontre-pierre-trudelle-chef-de-projet-referentiel-applis-sante-de-haute-autorite-de-sante\",\"name\":\"Rencontre : Pierre Trudelle, chef de projet du r\u00e9f\u00e9rentiel sur les applis sant\u00e9 de la Haute autorit\u00e9 de sant\u00e9\",\"isPartOf\":{\"@id\":\"https:\\\/\\\/www.voyages-d-affaires.com\\\/#website\"},\"primaryImageOfPage\":{\"@id\":\"https:\\\/\\\/www.voyages-d-affaires.com\\\/en\\\/rencontre-pierre-trudelle-chef-de-projet-referentiel-applis-sante-de-haute-autorite-de-sante#primaryimage\"},\"image\":{\"@id\":\"https:\\\/\\\/www.voyages-d-affaires.com\\\/en\\\/rencontre-pierre-trudelle-chef-de-projet-referentiel-applis-sante-de-haute-autorite-de-sante#primaryimage\"},\"thumbnailUrl\":\"https:\\\/\\\/www.voyages-d-affaires.com\\\/wp-content\\\/uploads\\\/2017\\\/01\\\/Pierre_Trudelle-265x198-derived.jpg\",\"datePublished\":\"2017-01-10T14:51:21+00:00\",\"dateModified\":\"2022-01-18T17:43:06+00:00\",\"author\":{\"@id\":\"https:\\\/\\\/www.voyages-d-affaires.com\\\/#\\\/schema\\\/person\\\/5c156f900a0e8a3db500e35c5be2647f\"},\"description\":\"\\\"Il y a des zones grises sur la s\u00fbret\u00e9 de certaines solutions\\\"\",\"breadcrumb\":{\"@id\":\"https:\\\/\\\/www.voyages-d-affaires.com\\\/en\\\/rencontre-pierre-trudelle-chef-de-projet-referentiel-applis-sante-de-haute-autorite-de-sante#breadcrumb\"},\"inLanguage\":\"en-GB\",\"potentialAction\":[{\"@type\":\"ReadAction\",\"target\":[\"https:\\\/\\\/www.voyages-d-affaires.com\\\/en\\\/rencontre-pierre-trudelle-chef-de-projet-referentiel-applis-sante-de-haute-autorite-de-sante\"]}]},{\"@type\":\"ImageObject\",\"inLanguage\":\"en-GB\",\"@id\":\"https:\\\/\\\/www.voyages-d-affaires.com\\\/en\\\/rencontre-pierre-trudelle-chef-de-projet-referentiel-applis-sante-de-haute-autorite-de-sante#primaryimage\",\"url\":\"https:\\\/\\\/www.voyages-d-affaires.com\\\/wp-content\\\/uploads\\\/2017\\\/01\\\/Pierre_Trudelle-265x198-derived.jpg\",\"contentUrl\":\"https:\\\/\\\/www.voyages-d-affaires.com\\\/wp-content\\\/uploads\\\/2017\\\/01\\\/Pierre_Trudelle-265x198-derived.jpg\"},{\"@type\":\"BreadcrumbList\",\"@id\":\"https:\\\/\\\/www.voyages-d-affaires.com\\\/en\\\/rencontre-pierre-trudelle-chef-de-projet-referentiel-applis-sante-de-haute-autorite-de-sante#breadcrumb\",\"itemListElement\":[{\"@type\":\"ListItem\",\"position\":1,\"name\":\"Accueil\",\"item\":\"https:\\\/\\\/www.voyages-d-affaires.com\\\/\"},{\"@type\":\"ListItem\",\"position\":2,\"name\":\"Rencontre : Pierre Trudelle, chef de projet du r\u00e9f\u00e9rentiel sur les applis sant\u00e9 de la Haute autorit\u00e9 de sant\u00e9\"}]},{\"@type\":\"WebSite\",\"@id\":\"https:\\\/\\\/www.voyages-d-affaires.com\\\/#website\",\"url\":\"https:\\\/\\\/www.voyages-d-affaires.com\\\/\",\"name\":\"Voyages d&#039;affaires\",\"description\":\"media fran\u00e7ais du Voyage d&#039;Affaires &amp; du MICE\",\"potentialAction\":[{\"@type\":\"SearchAction\",\"target\":{\"@type\":\"EntryPoint\",\"urlTemplate\":\"https:\\\/\\\/www.voyages-d-affaires.com\\\/?s={search_term_string}\"},\"query-input\":{\"@type\":\"PropertyValueSpecification\",\"valueRequired\":true,\"valueName\":\"search_term_string\"}}],\"inLanguage\":\"en-GB\"},{\"@type\":\"Person\",\"@id\":\"https:\\\/\\\/www.voyages-d-affaires.com\\\/#\\\/schema\\\/person\\\/5c156f900a0e8a3db500e35c5be2647f\",\"name\":\"Arnaud Deltenre\",\"url\":\"https:\\\/\\\/www.voyages-d-affaires.com\\\/en\\\/author\\\/arnaud\"}]}<\/script>\n<!-- \/ Yoast SEO Premium plugin. -->","yoast_head_json":{"title":"Interview with : Pierre Trudelle, project manager for the Haute Autorit\u00e9 de Sant\u00e9's health app guidelines","description":"\"There are grey areas regarding the safety of certain solutions\"","robots":{"index":"index","follow":"follow","max-snippet":"max-snippet:-1","max-image-preview":"max-image-preview:large","max-video-preview":"max-video-preview:-1"},"canonical":"https:\/\/www.voyages-d-affaires.com\/en\/meeting-with-pierre-trudelle-project-manager-for-the-haute-autorite-de-santes-health-applications-reference-framework","og_locale":"en_GB","og_type":"article","og_title":"Rencontre : Pierre Trudelle, chef de projet du r\u00e9f\u00e9rentiel sur les applis sant\u00e9 de la Haute autorit\u00e9 de sant\u00e9","og_description":"\"Il y a des zones grises sur la s\u00fbret\u00e9 de certaines solutions\"","og_url":"https:\/\/www.voyages-d-affaires.com\/en\/meeting-with-pierre-trudelle-project-manager-for-the-haute-autorite-de-santes-health-applications-reference-framework","og_site_name":"Voyages d&#039;affaires","article_published_time":"2017-01-10T14:51:21+00:00","article_modified_time":"2022-01-18T17:43:06+00:00","og_image":[{"url":"https:\/\/www.voyages-d-affaires.com\/wp-content\/uploads\/2017\/01\/Pierre_Trudelle-265x198-derived.jpg","type":"","width":"","height":""}],"author":"Arnaud Deltenre","twitter_card":"summary_large_image","twitter_misc":{"Written by":"Arnaud Deltenre","Estimated reading time":"2 minutes"},"schema":{"@context":"https:\/\/schema.org","@graph":[{"@type":"Article","@id":"https:\/\/www.voyages-d-affaires.com\/en\/rencontre-pierre-trudelle-chef-de-projet-referentiel-applis-sante-de-haute-autorite-de-sante#article","isPartOf":{"@id":"https:\/\/www.voyages-d-affaires.com\/en\/rencontre-pierre-trudelle-chef-de-projet-referentiel-applis-sante-de-haute-autorite-de-sante"},"author":{"name":"Arnaud Deltenre","@id":"https:\/\/www.voyages-d-affaires.com\/#\/schema\/person\/5c156f900a0e8a3db500e35c5be2647f"},"headline":"Rencontre : Pierre Trudelle, chef de projet du r\u00e9f\u00e9rentiel sur les applis sant\u00e9 de la Haute autorit\u00e9 de sant\u00e9","datePublished":"2017-01-10T14:51:21+00:00","dateModified":"2022-01-18T17:43:06+00:00","mainEntityOfPage":{"@id":"https:\/\/www.voyages-d-affaires.com\/en\/rencontre-pierre-trudelle-chef-de-projet-referentiel-applis-sante-de-haute-autorite-de-sante"},"wordCount":448,"image":{"@id":"https:\/\/www.voyages-d-affaires.com\/en\/rencontre-pierre-trudelle-chef-de-projet-referentiel-applis-sante-de-haute-autorite-de-sante#primaryimage"},"thumbnailUrl":"https:\/\/www.voyages-d-affaires.com\/wp-content\/uploads\/2017\/01\/Pierre_Trudelle-265x198-derived.jpg","articleSection":["INTERVIEWS"],"inLanguage":"en-GB"},{"@type":"WebPage","@id":"https:\/\/www.voyages-d-affaires.com\/en\/rencontre-pierre-trudelle-chef-de-projet-referentiel-applis-sante-de-haute-autorite-de-sante","url":"https:\/\/www.voyages-d-affaires.com\/en\/rencontre-pierre-trudelle-chef-de-projet-referentiel-applis-sante-de-haute-autorite-de-sante","name":"Interview with : Pierre Trudelle, project manager for the Haute Autorit\u00e9 de Sant\u00e9's health app guidelines","isPartOf":{"@id":"https:\/\/www.voyages-d-affaires.com\/#website"},"primaryImageOfPage":{"@id":"https:\/\/www.voyages-d-affaires.com\/en\/rencontre-pierre-trudelle-chef-de-projet-referentiel-applis-sante-de-haute-autorite-de-sante#primaryimage"},"image":{"@id":"https:\/\/www.voyages-d-affaires.com\/en\/rencontre-pierre-trudelle-chef-de-projet-referentiel-applis-sante-de-haute-autorite-de-sante#primaryimage"},"thumbnailUrl":"https:\/\/www.voyages-d-affaires.com\/wp-content\/uploads\/2017\/01\/Pierre_Trudelle-265x198-derived.jpg","datePublished":"2017-01-10T14:51:21+00:00","dateModified":"2022-01-18T17:43:06+00:00","author":{"@id":"https:\/\/www.voyages-d-affaires.com\/#\/schema\/person\/5c156f900a0e8a3db500e35c5be2647f"},"description":"\"There are grey areas regarding the safety of certain solutions\"","breadcrumb":{"@id":"https:\/\/www.voyages-d-affaires.com\/en\/rencontre-pierre-trudelle-chef-de-projet-referentiel-applis-sante-de-haute-autorite-de-sante#breadcrumb"},"inLanguage":"en-GB","potentialAction":[{"@type":"ReadAction","target":["https:\/\/www.voyages-d-affaires.com\/en\/rencontre-pierre-trudelle-chef-de-projet-referentiel-applis-sante-de-haute-autorite-de-sante"]}]},{"@type":"ImageObject","inLanguage":"en-GB","@id":"https:\/\/www.voyages-d-affaires.com\/en\/rencontre-pierre-trudelle-chef-de-projet-referentiel-applis-sante-de-haute-autorite-de-sante#primaryimage","url":"https:\/\/www.voyages-d-affaires.com\/wp-content\/uploads\/2017\/01\/Pierre_Trudelle-265x198-derived.jpg","contentUrl":"https:\/\/www.voyages-d-affaires.com\/wp-content\/uploads\/2017\/01\/Pierre_Trudelle-265x198-derived.jpg"},{"@type":"BreadcrumbList","@id":"https:\/\/www.voyages-d-affaires.com\/en\/rencontre-pierre-trudelle-chef-de-projet-referentiel-applis-sante-de-haute-autorite-de-sante#breadcrumb","itemListElement":[{"@type":"ListItem","position":1,"name":"Accueil","item":"https:\/\/www.voyages-d-affaires.com\/"},{"@type":"ListItem","position":2,"name":"Rencontre : Pierre Trudelle, chef de projet du r\u00e9f\u00e9rentiel sur les applis sant\u00e9 de la Haute autorit\u00e9 de sant\u00e9"}]},{"@type":"WebSite","@id":"https:\/\/www.voyages-d-affaires.com\/#website","url":"https:\/\/www.voyages-d-affaires.com\/","name":"Business travel","description":"THE FRENCH BUSINESS TRAVEL &amp; MICE MEDIA","potentialAction":[{"@type":"SearchAction","target":{"@type":"EntryPoint","urlTemplate":"https:\/\/www.voyages-d-affaires.com\/?s={search_term_string}"},"query-input":{"@type":"PropertyValueSpecification","valueRequired":true,"valueName":"search_term_string"}}],"inLanguage":"en-GB"},{"@type":"Person","@id":"https:\/\/www.voyages-d-affaires.com\/#\/schema\/person\/5c156f900a0e8a3db500e35c5be2647f","name":"Arnaud Deltenre","url":"https:\/\/www.voyages-d-affaires.com\/en\/author\/arnaud"}]}},"_links":{"self":[{"href":"https:\/\/www.voyages-d-affaires.com\/en\/wp-json\/wp\/v2\/posts\/56701","targetHints":{"allow":["GET"]}}],"collection":[{"href":"https:\/\/www.voyages-d-affaires.com\/en\/wp-json\/wp\/v2\/posts"}],"about":[{"href":"https:\/\/www.voyages-d-affaires.com\/en\/wp-json\/wp\/v2\/types\/post"}],"author":[{"embeddable":true,"href":"https:\/\/www.voyages-d-affaires.com\/en\/wp-json\/wp\/v2\/users\/19"}],"replies":[{"embeddable":true,"href":"https:\/\/www.voyages-d-affaires.com\/en\/wp-json\/wp\/v2\/comments?post=56701"}],"version-history":[{"count":9,"href":"https:\/\/www.voyages-d-affaires.com\/en\/wp-json\/wp\/v2\/posts\/56701\/revisions"}],"predecessor-version":[{"id":119593,"href":"https:\/\/www.voyages-d-affaires.com\/en\/wp-json\/wp\/v2\/posts\/56701\/revisions\/119593"}],"wp:attachment":[{"href":"https:\/\/www.voyages-d-affaires.com\/en\/wp-json\/wp\/v2\/media?parent=56701"}],"wp:term":[{"taxonomy":"category","embeddable":true,"href":"https:\/\/www.voyages-d-affaires.com\/en\/wp-json\/wp\/v2\/categories?post=56701"},{"taxonomy":"post_tag","embeddable":true,"href":"https:\/\/www.voyages-d-affaires.com\/en\/wp-json\/wp\/v2\/tags?post=56701"},{"taxonomy":"type-darticle","embeddable":true,"href":"https:\/\/www.voyages-d-affaires.com\/en\/wp-json\/wp\/v2\/type-darticle?post=56701"},{"taxonomy":"n_magazine","embeddable":true,"href":"https:\/\/www.voyages-d-affaires.com\/en\/wp-json\/wp\/v2\/n_magazine?post=56701"}],"curies":[{"name":"wp","href":"https:\/\/api.w.org\/{rel}","templated":true}]}}