{"id":76537,"date":"2018-07-18T11:52:32","date_gmt":"2018-07-18T09:52:32","guid":{"rendered":"https:\/\/www.voyages-d-affaires.com\/?p=76537"},"modified":"2018-07-18T11:52:32","modified_gmt":"2018-07-18T09:52:32","slug":"lcseries-bombardier-airbus-a220","status":"publish","type":"post","link":"https:\/\/www.voyages-d-affaires.com\/en\/lcseries-bombardier-airbus-a220","title":{"rendered":"Bombardier CSeries transformed into Airbus A220s"},"content":{"rendered":"<p>The announcement that Airbus would be changing the name of Bombardier's C Series aircraft was made back in April, but it has now been confirmed at the Farnborough Air Show in the UK. The C Series 100 and 300 officially become the <strong>Airbus A220-100<\/strong> and A220-300.<\/p>\n<p>A new chapter is opening up for Bombardier's aircraft programme. Last autumn,<strong> a partnership was signed<\/strong> between the Canadian group and Airbus. The deal was struck at the end of 2017 to avoid the Trump administration's threat to overtax C-Series aircraft because they are assembled outside the United States. The European aircraft manufacturer now holds 50.01 % in Soci\u00e9t\u00e9 en commandite Avions C Series (SCACS), with Bombardier now holding only 34% of the shares and Investissement Qu\u00e9bec, representing the Quebec government, 16 %.<\/p>\n<p>By coming under the protective wing of Airbus, Bombardier aircraft can bypass the restrictive measures put in place by the United States, since the assembly of the aircraft is carried out by Airbus. <strong>at Airbus plants in Alabama<\/strong>. At the same time, the transformation of the C100 and C300-Series into the A220-100 and -300 has given a prestigious brand name to an aircraft with recognised qualities.<\/p>\n<p>In fact, the A220 has a very low paraffin consumption, 20% lower than aircraft in the same category, with<strong> superior on-board comfort<\/strong> than aircraft in the same category, thanks to five seats per row instead of six and more legroom. On Swiss, the economy seat is 45 cm wide (instead of 42 cm elsewhere) and 80 to 81 cm between rows (compared with 78 to 79 cm on other aircraft).<\/p>\n<p>And yet, there has been little rush to buy the aircraft. The countless delays in the programme had a lot to do with it. As a result, <strong>since the first aircraft were delivered to Swiss<\/strong> In 2016, only 36 aircraft were delivered to the Swiss carrier - 23 aircraft - as well as to Air Baltic and Korean Air.<\/p>\n<p>The new Airbus A220s should therefore sell better. And customer interest has been growing since the name change. Last April, Bombardier's CEO stated that \".\u00a0 <em>that with the Airbus marketing and sales organisation behind us, we suddenly have access to all the airlines around the world<\/em>\u00a0\".<\/p>\n<p>No sooner had the name change taken effect than the American airline Jet Blue confirmed <strong>an order for 60 aircraft<\/strong>. It joins companies such as Gulf Air, Delta Air Lines, Egyptair, Privatair and Iraqi Airways, which will receive their first aircraft this year. In 2019, Airbus will also deliver the first A220s to Air Canada.<\/p>\n<p>For Airbus, the deal is also a win-win situation, as it will enable the European aircraft manufacturer to add small-capacity jets to its catalogue, perfect for conquering regional segments. For example, the A220 is an ideal aircraft for serving urban airports such as London's City Airport, or airports with very strict noise constraints such as Geneva or Zurich.<\/p>\n<p>Airbus CEO Tom Enders also told the media that the new A220 range should largely anticipate the needs of airlines for an aircraft of this size. A need that Airbus estimates at several thousand aircraft over the next twenty years. It is therefore certain that business travellers will increasingly benefit from the excellent comfort of these aircraft in the years to come.<\/p>","protected":false},"excerpt":{"rendered":"<p>Bombardier's CSeries regional jetliners are now being rebranded as Airbus A220s, a new step for the European aircraft manufacturer as it expands its range to include smaller aircraft with between 100 and 150 seats.<\/p>","protected":false},"author":21,"featured_media":76541,"comment_status":"closed","ping_status":"closed","sticky":false,"template":"","format":"standard","meta":{"_acf_changed":false,"footnotes":""},"categories":[59],"tags":[1339],"type-darticle":[],"n_magazine":[],"class_list":["post-76537","post","type-post","status-publish","format-standard","has-post-thumbnail","hentry","category-aerien","tag-airbus","vapo-free"],"acf":[],"yoast_head":"<!-- This site is optimized with the Yoast SEO Premium plugin v28.4 (Yoast SEO v28.4) - https:\/\/yoast.com\/product\/yoast-seo-premium-wordpress\/ -->\n<title>Changement de nom : Les C Series de Bombardier deviennent les Airbus A220<\/title>\n<meta name=\"description\" content=\"En passant sous l&#039;aile protectirce d&#039;Aribusn, le programme d&#039;avions CSeries de Bombardier \u2013 des appareils r\u00e9gionaux de petite capacit\u00e9 \u2013 passe sous la num\u00e9rotation Airbus A200.\" \/>\n<meta name=\"robots\" content=\"index, follow, max-snippet:-1, max-image-preview:large, max-video-preview:-1\" \/>\n<link rel=\"canonical\" href=\"https:\/\/www.voyages-d-affaires.com\/en\/lcseries-bombardier-airbus-a220\/\" \/>\n<meta property=\"og:locale\" content=\"en_GB\" \/>\n<meta property=\"og:type\" content=\"article\" \/>\n<meta property=\"og:title\" content=\"Les CSeries de Bombardier se m\u00e9tamorphosent en Airbus A220\" \/>\n<meta property=\"og:description\" content=\"En passant sous l&#039;aile protectirce d&#039;Aribusn, le programme d&#039;avions CSeries de Bombardier \u2013 des appareils r\u00e9gionaux de petite capacit\u00e9 \u2013 passe sous la num\u00e9rotation Airbus A200.\" \/>\n<meta property=\"og:url\" content=\"https:\/\/www.voyages-d-affaires.com\/en\/lcseries-bombardier-airbus-a220\/\" \/>\n<meta property=\"og:site_name\" content=\"Voyages d&#039;affaires\" \/>\n<meta property=\"article:published_time\" content=\"2018-07-18T09:52:32+00:00\" \/>\n<meta property=\"og:image\" content=\"https:\/\/www.voyages-d-affaires.com\/wp-content\/uploads\/2018\/07\/bombardier-airbus-a220.jpg\" \/>\n\t<meta property=\"og:image:width\" content=\"700\" \/>\n\t<meta property=\"og:image:height\" content=\"526\" \/>\n\t<meta property=\"og:image:type\" content=\"image\/jpeg\" \/>\n<meta name=\"author\" content=\"Luc Citrinot\" \/>\n<meta name=\"twitter:card\" content=\"summary_large_image\" \/>\n<meta name=\"twitter:label1\" content=\"Written by\" \/>\n\t<meta name=\"twitter:data1\" content=\"Luc Citrinot\" \/>\n\t<meta name=\"twitter:label2\" content=\"Estimated reading time\" \/>\n\t<meta name=\"twitter:data2\" content=\"3 minutes\" \/>\n<script type=\"application\/ld+json\" class=\"yoast-schema-graph\">{\"@context\":\"https:\\\/\\\/schema.org\",\"@graph\":[{\"@type\":\"Article\",\"@id\":\"https:\\\/\\\/www.voyages-d-affaires.com\\\/lcseries-bombardier-airbus-a220#article\",\"isPartOf\":{\"@id\":\"https:\\\/\\\/www.voyages-d-affaires.com\\\/lcseries-bombardier-airbus-a220\"},\"author\":{\"name\":\"Luc Citrinot\",\"@id\":\"https:\\\/\\\/www.voyages-d-affaires.com\\\/#\\\/schema\\\/person\\\/c74b2eea412d55da7482e81e95f8edc3\"},\"headline\":\"Les CSeries de Bombardier se m\u00e9tamorphosent en Airbus A220\",\"datePublished\":\"2018-07-18T09:52:32+00:00\",\"mainEntityOfPage\":{\"@id\":\"https:\\\/\\\/www.voyages-d-affaires.com\\\/lcseries-bombardier-airbus-a220\"},\"wordCount\":618,\"image\":{\"@id\":\"https:\\\/\\\/www.voyages-d-affaires.com\\\/lcseries-bombardier-airbus-a220#primaryimage\"},\"thumbnailUrl\":\"https:\\\/\\\/www.voyages-d-affaires.com\\\/wp-content\\\/uploads\\\/2018\\\/07\\\/bombardier-airbus-a220.jpg\",\"keywords\":[\"Airbus\"],\"articleSection\":[\"A\u00e9rien\"],\"inLanguage\":\"en-GB\"},{\"@type\":\"WebPage\",\"@id\":\"https:\\\/\\\/www.voyages-d-affaires.com\\\/lcseries-bombardier-airbus-a220\",\"url\":\"https:\\\/\\\/www.voyages-d-affaires.com\\\/lcseries-bombardier-airbus-a220\",\"name\":\"Changement de nom : Les C Series de Bombardier deviennent les Airbus A220\",\"isPartOf\":{\"@id\":\"https:\\\/\\\/www.voyages-d-affaires.com\\\/#website\"},\"primaryImageOfPage\":{\"@id\":\"https:\\\/\\\/www.voyages-d-affaires.com\\\/lcseries-bombardier-airbus-a220#primaryimage\"},\"image\":{\"@id\":\"https:\\\/\\\/www.voyages-d-affaires.com\\\/lcseries-bombardier-airbus-a220#primaryimage\"},\"thumbnailUrl\":\"https:\\\/\\\/www.voyages-d-affaires.com\\\/wp-content\\\/uploads\\\/2018\\\/07\\\/bombardier-airbus-a220.jpg\",\"datePublished\":\"2018-07-18T09:52:32+00:00\",\"author\":{\"@id\":\"https:\\\/\\\/www.voyages-d-affaires.com\\\/#\\\/schema\\\/person\\\/c74b2eea412d55da7482e81e95f8edc3\"},\"description\":\"En passant sous l'aile protectirce d'Aribusn, le programme d'avions CSeries de Bombardier \u2013 des appareils r\u00e9gionaux de petite capacit\u00e9 \u2013 passe sous la num\u00e9rotation Airbus A200.\",\"breadcrumb\":{\"@id\":\"https:\\\/\\\/www.voyages-d-affaires.com\\\/lcseries-bombardier-airbus-a220#breadcrumb\"},\"inLanguage\":\"en-GB\",\"potentialAction\":[{\"@type\":\"ReadAction\",\"target\":[\"https:\\\/\\\/www.voyages-d-affaires.com\\\/lcseries-bombardier-airbus-a220\"]}]},{\"@type\":\"ImageObject\",\"inLanguage\":\"en-GB\",\"@id\":\"https:\\\/\\\/www.voyages-d-affaires.com\\\/lcseries-bombardier-airbus-a220#primaryimage\",\"url\":\"https:\\\/\\\/www.voyages-d-affaires.com\\\/wp-content\\\/uploads\\\/2018\\\/07\\\/bombardier-airbus-a220.jpg\",\"contentUrl\":\"https:\\\/\\\/www.voyages-d-affaires.com\\\/wp-content\\\/uploads\\\/2018\\\/07\\\/bombardier-airbus-a220.jpg\",\"width\":700,\"height\":526,\"caption\":\"L'Airbus A220-300, anciennement C Series.\"},{\"@type\":\"BreadcrumbList\",\"@id\":\"https:\\\/\\\/www.voyages-d-affaires.com\\\/lcseries-bombardier-airbus-a220#breadcrumb\",\"itemListElement\":[{\"@type\":\"ListItem\",\"position\":1,\"name\":\"Accueil\",\"item\":\"https:\\\/\\\/www.voyages-d-affaires.com\\\/\"},{\"@type\":\"ListItem\",\"position\":2,\"name\":\"Les CSeries de Bombardier se m\u00e9tamorphosent en Airbus A220\"}]},{\"@type\":\"WebSite\",\"@id\":\"https:\\\/\\\/www.voyages-d-affaires.com\\\/#website\",\"url\":\"https:\\\/\\\/www.voyages-d-affaires.com\\\/\",\"name\":\"Voyages d&#039;affaires\",\"description\":\"media fran\u00e7ais du Voyage d&#039;Affaires &amp; du MICE\",\"potentialAction\":[{\"@type\":\"SearchAction\",\"target\":{\"@type\":\"EntryPoint\",\"urlTemplate\":\"https:\\\/\\\/www.voyages-d-affaires.com\\\/?s={search_term_string}\"},\"query-input\":{\"@type\":\"PropertyValueSpecification\",\"valueRequired\":true,\"valueName\":\"search_term_string\"}}],\"inLanguage\":\"en-GB\"},{\"@type\":\"Person\",\"@id\":\"https:\\\/\\\/www.voyages-d-affaires.com\\\/#\\\/schema\\\/person\\\/c74b2eea412d55da7482e81e95f8edc3\",\"name\":\"Luc Citrinot\",\"url\":\"https:\\\/\\\/www.voyages-d-affaires.com\\\/en\\\/author\\\/luccitrinot\"}]}<\/script>\n<!-- \/ Yoast SEO Premium plugin. -->","yoast_head_json":{"title":"Name change: Bombardier's C Series becomes the Airbus A220","description":"By coming under the protective wing of Aribusn, Bombardier's CSeries aircraft programme - small-capacity regional aircraft - is being rebranded as the Airbus A200.","robots":{"index":"index","follow":"follow","max-snippet":"max-snippet:-1","max-image-preview":"max-image-preview:large","max-video-preview":"max-video-preview:-1"},"canonical":"https:\/\/www.voyages-d-affaires.com\/en\/lcseries-bombardier-airbus-a220\/","og_locale":"en_GB","og_type":"article","og_title":"Les CSeries de Bombardier se m\u00e9tamorphosent en Airbus A220","og_description":"En passant sous l'aile protectirce d'Aribusn, le programme d'avions CSeries de Bombardier \u2013 des appareils r\u00e9gionaux de petite capacit\u00e9 \u2013 passe sous la num\u00e9rotation Airbus A200.","og_url":"https:\/\/www.voyages-d-affaires.com\/en\/lcseries-bombardier-airbus-a220\/","og_site_name":"Voyages d&#039;affaires","article_published_time":"2018-07-18T09:52:32+00:00","og_image":[{"width":700,"height":526,"url":"https:\/\/www.voyages-d-affaires.com\/wp-content\/uploads\/2018\/07\/bombardier-airbus-a220.jpg","type":"image\/jpeg"}],"author":"Luc Citrinot","twitter_card":"summary_large_image","twitter_misc":{"Written by":"Luc Citrinot","Estimated reading time":"3 minutes"},"schema":{"@context":"https:\/\/schema.org","@graph":[{"@type":"Article","@id":"https:\/\/www.voyages-d-affaires.com\/lcseries-bombardier-airbus-a220#article","isPartOf":{"@id":"https:\/\/www.voyages-d-affaires.com\/lcseries-bombardier-airbus-a220"},"author":{"name":"Luc Citrinot","@id":"https:\/\/www.voyages-d-affaires.com\/#\/schema\/person\/c74b2eea412d55da7482e81e95f8edc3"},"headline":"Les CSeries de Bombardier se m\u00e9tamorphosent en Airbus A220","datePublished":"2018-07-18T09:52:32+00:00","mainEntityOfPage":{"@id":"https:\/\/www.voyages-d-affaires.com\/lcseries-bombardier-airbus-a220"},"wordCount":618,"image":{"@id":"https:\/\/www.voyages-d-affaires.com\/lcseries-bombardier-airbus-a220#primaryimage"},"thumbnailUrl":"https:\/\/www.voyages-d-affaires.com\/wp-content\/uploads\/2018\/07\/bombardier-airbus-a220.jpg","keywords":["Airbus"],"articleSection":["A\u00e9rien"],"inLanguage":"en-GB"},{"@type":"WebPage","@id":"https:\/\/www.voyages-d-affaires.com\/lcseries-bombardier-airbus-a220","url":"https:\/\/www.voyages-d-affaires.com\/lcseries-bombardier-airbus-a220","name":"Name change: Bombardier's C Series becomes the Airbus A220","isPartOf":{"@id":"https:\/\/www.voyages-d-affaires.com\/#website"},"primaryImageOfPage":{"@id":"https:\/\/www.voyages-d-affaires.com\/lcseries-bombardier-airbus-a220#primaryimage"},"image":{"@id":"https:\/\/www.voyages-d-affaires.com\/lcseries-bombardier-airbus-a220#primaryimage"},"thumbnailUrl":"https:\/\/www.voyages-d-affaires.com\/wp-content\/uploads\/2018\/07\/bombardier-airbus-a220.jpg","datePublished":"2018-07-18T09:52:32+00:00","author":{"@id":"https:\/\/www.voyages-d-affaires.com\/#\/schema\/person\/c74b2eea412d55da7482e81e95f8edc3"},"description":"By coming under the protective wing of Aribusn, Bombardier's CSeries aircraft programme - small-capacity regional aircraft - is being rebranded as the Airbus A200.","breadcrumb":{"@id":"https:\/\/www.voyages-d-affaires.com\/lcseries-bombardier-airbus-a220#breadcrumb"},"inLanguage":"en-GB","potentialAction":[{"@type":"ReadAction","target":["https:\/\/www.voyages-d-affaires.com\/lcseries-bombardier-airbus-a220"]}]},{"@type":"ImageObject","inLanguage":"en-GB","@id":"https:\/\/www.voyages-d-affaires.com\/lcseries-bombardier-airbus-a220#primaryimage","url":"https:\/\/www.voyages-d-affaires.com\/wp-content\/uploads\/2018\/07\/bombardier-airbus-a220.jpg","contentUrl":"https:\/\/www.voyages-d-affaires.com\/wp-content\/uploads\/2018\/07\/bombardier-airbus-a220.jpg","width":700,"height":526,"caption":"L'Airbus A220-300, anciennement C Series."},{"@type":"BreadcrumbList","@id":"https:\/\/www.voyages-d-affaires.com\/lcseries-bombardier-airbus-a220#breadcrumb","itemListElement":[{"@type":"ListItem","position":1,"name":"Accueil","item":"https:\/\/www.voyages-d-affaires.com\/"},{"@type":"ListItem","position":2,"name":"Les CSeries de Bombardier se m\u00e9tamorphosent en Airbus A220"}]},{"@type":"WebSite","@id":"https:\/\/www.voyages-d-affaires.com\/#website","url":"https:\/\/www.voyages-d-affaires.com\/","name":"Business travel","description":"THE FRENCH BUSINESS TRAVEL &amp; MICE MEDIA","potentialAction":[{"@type":"SearchAction","target":{"@type":"EntryPoint","urlTemplate":"https:\/\/www.voyages-d-affaires.com\/?s={search_term_string}"},"query-input":{"@type":"PropertyValueSpecification","valueRequired":true,"valueName":"search_term_string"}}],"inLanguage":"en-GB"},{"@type":"Person","@id":"https:\/\/www.voyages-d-affaires.com\/#\/schema\/person\/c74b2eea412d55da7482e81e95f8edc3","name":"Luc Citrinot","url":"https:\/\/www.voyages-d-affaires.com\/en\/author\/luccitrinot"}]}},"_links":{"self":[{"href":"https:\/\/www.voyages-d-affaires.com\/en\/wp-json\/wp\/v2\/posts\/76537","targetHints":{"allow":["GET"]}}],"collection":[{"href":"https:\/\/www.voyages-d-affaires.com\/en\/wp-json\/wp\/v2\/posts"}],"about":[{"href":"https:\/\/www.voyages-d-affaires.com\/en\/wp-json\/wp\/v2\/types\/post"}],"author":[{"embeddable":true,"href":"https:\/\/www.voyages-d-affaires.com\/en\/wp-json\/wp\/v2\/users\/21"}],"replies":[{"embeddable":true,"href":"https:\/\/www.voyages-d-affaires.com\/en\/wp-json\/wp\/v2\/comments?post=76537"}],"version-history":[{"count":2,"href":"https:\/\/www.voyages-d-affaires.com\/en\/wp-json\/wp\/v2\/posts\/76537\/revisions"}],"predecessor-version":[{"id":76545,"href":"https:\/\/www.voyages-d-affaires.com\/en\/wp-json\/wp\/v2\/posts\/76537\/revisions\/76545"}],"wp:featuredmedia":[{"embeddable":true,"href":"https:\/\/www.voyages-d-affaires.com\/en\/wp-json\/wp\/v2\/media\/76541"}],"wp:attachment":[{"href":"https:\/\/www.voyages-d-affaires.com\/en\/wp-json\/wp\/v2\/media?parent=76537"}],"wp:term":[{"taxonomy":"category","embeddable":true,"href":"https:\/\/www.voyages-d-affaires.com\/en\/wp-json\/wp\/v2\/categories?post=76537"},{"taxonomy":"post_tag","embeddable":true,"href":"https:\/\/www.voyages-d-affaires.com\/en\/wp-json\/wp\/v2\/tags?post=76537"},{"taxonomy":"type-darticle","embeddable":true,"href":"https:\/\/www.voyages-d-affaires.com\/en\/wp-json\/wp\/v2\/type-darticle?post=76537"},{"taxonomy":"n_magazine","embeddable":true,"href":"https:\/\/www.voyages-d-affaires.com\/en\/wp-json\/wp\/v2\/n_magazine?post=76537"}],"curies":[{"name":"wp","href":"https:\/\/api.w.org\/{rel}","templated":true}]}}